{"id":1186,"date":"2013-01-22T23:36:11","date_gmt":"2013-01-22T22:36:11","guid":{"rendered":"http:\/\/www.photo-somelet.fr\/blog\/?p=1186"},"modified":"2016-04-25T19:12:11","modified_gmt":"2016-04-25T18:12:11","slug":"reportage-photo-corporate-world-economic-forum-2013","status":"publish","type":"post","link":"http:\/\/www.photo-somelet.fr\/blog\/reportage-photo-corporate-world-economic-forum-2013\/","title":{"rendered":"Reportage Photo Corporate : World Economic Forum 2013."},"content":{"rendered":"<blockquote><p><strong>En reportage \u00e0 Davos pour le WEF, journ\u00e9e rep\u00e9rage pour pr\u00e9parer le travail des quatre jours \u00e0 venir.<\/strong><\/p><\/blockquote>\n<p>[blogshow id=2f87 player=1 autoplay=1 toolbar=1]<\/p>\n","protected":false},"excerpt":{"rendered":"<p>En reportage \u00e0 Davos pour le WEF, journ\u00e9e rep\u00e9rage pour pr\u00e9parer le travail des quatre jours \u00e0 venir. [blogshow id=2f87 player=1 autoplay=1 toolbar=1]<\/p>\n","protected":false},"author":1,"featured_media":0,"comment_status":"open","ping_status":"open","sticky":false,"template":"","format":"standard","meta":{"_jetpack_memberships_contains_paid_content":false,"footnotes":""},"categories":[95,72,65,8,30,158],"tags":[151,21,55,22,34,11,67,12,46,10,24,19,20],"class_list":["post-1186","post","type-post","status-publish","format-standard","hentry","category-corporate","category-evenementiel-2","category-illusration","category-news","category-reportage","category-world-economic-forum","tag-corporate","tag-davos","tag-evenementiel","tag-forum-economique-de-davos","tag-forum-economique-mondial-de-davos","tag-illustration","tag-news-2","tag-patrick-somelet","tag-photographe","tag-reportage-photo","tag-suisse","tag-wef","tag-world-economic-forum"],"jetpack_featured_media_url":"","jetpack-related-posts":[],"jetpack_shortlink":"https:\/\/wp.me\/pdsDyR-j8","jetpack_sharing_enabled":true,"_links":{"self":[{"href":"http:\/\/www.photo-somelet.fr\/blog\/wp-json\/wp\/v2\/posts\/1186"}],"collection":[{"href":"http:\/\/www.photo-somelet.fr\/blog\/wp-json\/wp\/v2\/posts"}],"about":[{"href":"http:\/\/www.photo-somelet.fr\/blog\/wp-json\/wp\/v2\/types\/post"}],"author":[{"embeddable":true,"href":"http:\/\/www.photo-somelet.fr\/blog\/wp-json\/wp\/v2\/users\/1"}],"replies":[{"embeddable":true,"href":"http:\/\/www.photo-somelet.fr\/blog\/wp-json\/wp\/v2\/comments?post=1186"}],"version-history":[{"count":11,"href":"http:\/\/www.photo-somelet.fr\/blog\/wp-json\/wp\/v2\/posts\/1186\/revisions"}],"predecessor-version":[{"id":1190,"href":"http:\/\/www.photo-somelet.fr\/blog\/wp-json\/wp\/v2\/posts\/1186\/revisions\/1190"}],"wp:attachment":[{"href":"http:\/\/www.photo-somelet.fr\/blog\/wp-json\/wp\/v2\/media?parent=1186"}],"wp:term":[{"taxonomy":"category","embeddable":true,"href":"http:\/\/www.photo-somelet.fr\/blog\/wp-json\/wp\/v2\/categories?post=1186"},{"taxonomy":"post_tag","embeddable":true,"href":"http:\/\/www.photo-somelet.fr\/blog\/wp-json\/wp\/v2\/tags?post=1186"}],"curies":[{"name":"wp","href":"https:\/\/api.w.org\/{rel}","templated":true}]}}