{"id":1397,"date":"2014-03-27T09:54:15","date_gmt":"2014-03-27T08:54:15","guid":{"rendered":"http:\/\/www.photo-somelet.fr\/blog\/?p=1397"},"modified":"2016-04-25T19:09:09","modified_gmt":"2016-04-25T18:09:09","slug":"world-economic-forum","status":"publish","type":"post","link":"http:\/\/www.photo-somelet.fr\/blog\/world-economic-forum\/","title":{"rendered":"World Economic Forum."},"content":{"rendered":"<blockquote><p>J&rsquo;ai trouv\u00e9 l&rsquo;autoportrait d&rsquo;un copain sur le site du World Economic Forum :\u00a0la bande des 6 de Davos, a vous de d\u00e9voiler l&rsquo;invit\u00e9 myst\u00e8re de cette photo \ud83d\ude42<i><\/i><\/p>\n<p>&nbsp;<\/p>\n<p><a href=\"https:\/\/i0.wp.com\/www.photo-somelet.fr\/blog\/wp-content\/uploads\/2014\/03\/tquitoi.jpg\"><img data-recalc-dims=\"1\" loading=\"lazy\" decoding=\"async\" class=\"aligncenter size-full wp-image-1398\" alt=\"tquitoi\" src=\"https:\/\/i0.wp.com\/www.photo-somelet.fr\/blog\/wp-content\/uploads\/2014\/03\/tquitoi.jpg?resize=470%2C265\" width=\"470\" height=\"265\" srcset=\"https:\/\/i0.wp.com\/www.photo-somelet.fr\/blog\/wp-content\/uploads\/2014\/03\/tquitoi.jpg?w=470 470w, https:\/\/i0.wp.com\/www.photo-somelet.fr\/blog\/wp-content\/uploads\/2014\/03\/tquitoi.jpg?resize=300%2C169 300w, https:\/\/i0.wp.com\/www.photo-somelet.fr\/blog\/wp-content\/uploads\/2014\/03\/tquitoi.jpg?resize=106%2C60 106w\" sizes=\"(max-width: 470px) 100vw, 470px\" \/><\/a><\/p><\/blockquote>\n","protected":false},"excerpt":{"rendered":"<p>J&rsquo;ai trouv\u00e9 l&rsquo;autoportrait d&rsquo;un copain sur le site du World Economic Forum :\u00a0la bande des 6 de Davos, a vous de d\u00e9voiler l&rsquo;invit\u00e9 myst\u00e8re de cette photo \ud83d\ude42 &nbsp;<\/p>\n","protected":false},"author":1,"featured_media":0,"comment_status":"open","ping_status":"open","sticky":false,"template":"","format":"standard","meta":{"_jetpack_memberships_contains_paid_content":false,"footnotes":""},"categories":[95,65,30,158],"tags":[55,22,34,150,24,19,20],"class_list":["post-1397","post","type-post","status-publish","format-standard","hentry","category-corporate","category-illusration","category-reportage","category-world-economic-forum","tag-evenementiel","tag-forum-economique-de-davos","tag-forum-economique-mondial-de-davos","tag-portrait","tag-suisse","tag-wef","tag-world-economic-forum"],"jetpack_featured_media_url":"","jetpack-related-posts":[],"jetpack_shortlink":"https:\/\/wp.me\/pdsDyR-mx","jetpack_sharing_enabled":true,"_links":{"self":[{"href":"http:\/\/www.photo-somelet.fr\/blog\/wp-json\/wp\/v2\/posts\/1397"}],"collection":[{"href":"http:\/\/www.photo-somelet.fr\/blog\/wp-json\/wp\/v2\/posts"}],"about":[{"href":"http:\/\/www.photo-somelet.fr\/blog\/wp-json\/wp\/v2\/types\/post"}],"author":[{"embeddable":true,"href":"http:\/\/www.photo-somelet.fr\/blog\/wp-json\/wp\/v2\/users\/1"}],"replies":[{"embeddable":true,"href":"http:\/\/www.photo-somelet.fr\/blog\/wp-json\/wp\/v2\/comments?post=1397"}],"version-history":[{"count":1,"href":"http:\/\/www.photo-somelet.fr\/blog\/wp-json\/wp\/v2\/posts\/1397\/revisions"}],"predecessor-version":[{"id":1399,"href":"http:\/\/www.photo-somelet.fr\/blog\/wp-json\/wp\/v2\/posts\/1397\/revisions\/1399"}],"wp:attachment":[{"href":"http:\/\/www.photo-somelet.fr\/blog\/wp-json\/wp\/v2\/media?parent=1397"}],"wp:term":[{"taxonomy":"category","embeddable":true,"href":"http:\/\/www.photo-somelet.fr\/blog\/wp-json\/wp\/v2\/categories?post=1397"},{"taxonomy":"post_tag","embeddable":true,"href":"http:\/\/www.photo-somelet.fr\/blog\/wp-json\/wp\/v2\/tags?post=1397"}],"curies":[{"name":"wp","href":"https:\/\/api.w.org\/{rel}","templated":true}]}}