{"id":1440,"date":"2014-09-03T09:51:14","date_gmt":"2014-09-03T08:51:14","guid":{"rendered":"http:\/\/www.photo-somelet.fr\/blog\/?p=1440"},"modified":"2014-09-03T14:09:19","modified_gmt":"2014-09-03T13:09:19","slug":"auteur_photographe","status":"publish","type":"post","link":"http:\/\/www.photo-somelet.fr\/blog\/auteur_photographe\/","title":{"rendered":"Auteur Photographe, DVD l&rsquo;acte manqu\u00e9."},"content":{"rendered":"<blockquote>\n<p style=\"color: #323333;\">Dire\u00a0: <i>\u00ab\u00a0ce n&rsquo;est pas le mat\u00e9riel qui fait les bonnes photos\u00a0\u00bb<\/i> est une \u00e9vidence, mais cela m\u00e9rite une explication. Une photo est une repr\u00e9sentation de l&rsquo;esprit et une \u0153uvre artistique lorsque l\u2019on souhaite r\u00e9aliser pleinement son m\u00e9tier de photographe. Il faut toujours se poser la question de la finalit\u00e9 professionnelle de nos prises de vue. Quelles conceptions avons-nous de notre m\u00e9tier\u00a0? Une simple logique commerciale ou la volont\u00e9 de produire de la qualit\u00e9 en respectant l\u2019esprit photographique du professionnel qui veut retranscrire une ambiance, un t\u00e9moignage et une histoire singuli\u00e8re. Au fond, que veux transmettre le photographe\u00a0? L&rsquo;id\u00e9e de graver un tas de photos sur un DVD, juste pour la quantit\u00e9, pas pour la qualit\u00e9 est difficile \u00e0 supporter. Mais, c&rsquo;est dans l&rsquo;\u00e8re du temps. La photo n&rsquo;est pourtant pas un produit de lin\u00e9aire de supermarch\u00e9. Cette collection d\u2019images, retenues et mise en sc\u00e8ne par le photographe, doit avant tout faire\u00a0vibrer, voyager, rencontrer, d\u00e9couvrir, informer, ou pleurer. Cet exemple a\u00a0pour but de d\u00e9montrer que la quantit\u00e9 n&rsquo;est rien, seul compte la qualit\u00e9 et le soin apport\u00e9 pour atteindre ce but.<\/p>\n<\/blockquote>\n<p><!--more--><\/p>\n<p>&nbsp;<\/p>\n<p style=\"color: #323333;\">Pour aller plus loin dans le propos, il faut s\u2019int\u00e9resser, pour qualifier le travail du photographe, non seulement sur la prise de vue mais sur l\u2019intervention post-prise de vue. Sans passage par la post-production, l&rsquo;image ci-dessous est moyenne, juste une photo au milieu des autres. Pour un auteur-photographe, la diff\u00e9rence entre\u00a0\u00ab\u00a0pousser\u00a0\u00bb un tas de photos sur un DVD, ou retravailler une s\u00e9lection d&rsquo;images est juste \u00e9norme. Un DVD est un acte manqu\u00e9. Pour illustrer le propos, cette image (ci-dessous) provient d&rsquo;un reportage\u00a0de\u00a01 700 photos, \u00ab\u00a0un gros tas\u00a0\u00bb, dans lequel sont cach\u00e9es quelques perles rares. Retravailler avec soin 1700 photos \u00a0n&rsquo;a aucun int\u00e9r\u00eat, ne rien faire de ces 1700 photos non plus.\u00a0 Juste les graver sur un DVD, puis\u00a0les laisser dormir sur un disque dur\u2026<\/p>\n<p>&nbsp;<\/p>\n<p style=\"color: #323333;\">Ce \u00ab\u00a0tas de photos\u00a0\u00bb ne prend vie, qu&rsquo;une fois pass\u00e9 \u00e0 la moulinette de l&rsquo;esprit de son cr\u00e9ateur. Le bon photographe est un auteur, ce n&rsquo;est pas une b\u00eate de somme. Demander \u00e0 un artiste de faire un travail \u00e0 la cha\u00eene, c&rsquo;est ne pas utiliser ses comp\u00e9tences. Il est impossible de vibrer sur une simple compilation d\u2019images et de se satisfaire de cette d\u00e9marche. Nous avons une exigence professionnelle \u00e0 affirmer et \u00e0 maintenir. L\u2019intervention photographique du professionnel fait la richesse de notre m\u00e9tier qui pose un regard particulier dans la r\u00e9alisation\u00a0 de la photo et une technicit\u00e9 dans la mise en forme de celle-ci sur papier.<\/p>\n<p style=\"color: #323333;\">Pour poursuivre mon propos, voici un exemple :<\/p>\n<figure id=\"attachment_1444\" aria-describedby=\"caption-attachment-1444\" style=\"width: 640px\" class=\"wp-caption aligncenter\"><a href=\"https:\/\/i0.wp.com\/www.photo-somelet.fr\/blog\/wp-content\/uploads\/2014\/08\/K3L6523-Version-2.jpg\"><img data-recalc-dims=\"1\" loading=\"lazy\" decoding=\"async\" class=\"wp-image-1444 size-large\" src=\"https:\/\/i0.wp.com\/www.photo-somelet.fr\/blog\/wp-content\/uploads\/2014\/08\/K3L6523-Version-2.jpg?resize=640%2C426\" alt=\"La photo brut.\" width=\"640\" height=\"426\" \/><\/a><figcaption id=\"caption-attachment-1444\" class=\"wp-caption-text\">La photo brut.<\/figcaption><\/figure>\n<p>Pour moi, la pratique photographique demande la ma\u00eetrise d\u2019une proc\u00e9dure qui demande du temps, de la patience et du discernement pour s\u00e9lectionner et retenir les meilleurs clich\u00e9s\u00a0: d\u00e9j\u00e0 \u00e0 la prise de vue, on tourne autour du sujet : c&rsquo;est joli, mais si je la prenais comme ceci, puis comme cela. Au bout du compte, c&rsquo;est la petite soeur d&rsquo;une s\u00e9rie d&rsquo;une quinzaine d&rsquo;images qui sera retenue. Au fond, la prise de vue n\u2019est pas une simple \u00ab\u00a0poucette\u00a0\u00bb o\u00f9 il suffit de \u00ab\u00a0mitrailler\u00a0\u00bb en rafale les actions \u00e0 prendre. C\u2019est le sc\u00e9nario et la mise en sc\u00e8ne que l\u2019on veut cr\u00e9er qui interviennent dans la fabrique des images et des prises de vue que l\u2019on fera\u00a0: <i>\u00ab\u00a0\u00e0 la prise de vue on\u00a0se fait un film, et d\u00e9j\u00e0 dans sa t\u00eate l&rsquo;image finale prend\u00a0vie\u00a0\u00bb. <\/i>Fin de la premi\u00e8re \u00e9tape&#8230;<\/p>\n<p>Apr\u00e8s avoir import\u00e9 et sauvegard\u00e9 les clich\u00e9s, arrive le temps de la s\u00e9lection : bon, bien, pas bon, puis passage \u00e0 la phase de la correction rapide et de l&rsquo;excitation dans la composition esth\u00e9tique retenu. Puis la d\u00e9cision : <i>\u00ab\u00a0cette photo va briller\u00a0\u00bb,<\/i> mais pour autant l\u2019intervention du photographe n\u2019en reste pas l\u00e0. Une autre phase se profile et va largement participer \u00e0 produire et impulser de la qualit\u00e9. Il est alors possible d\u2019observer toutes les phases du travail sur cette image : s\u00e9lection, correction de la temp\u00e9rature de couleur, adoucissement des plis de la nappe, sur les objets renforcement du contraste, renforcement de la saturation des couleurs, renforcement de la nettet\u00e9\u2026 Le travail du photographe ne se r\u00e9duit pas \u00e0 la prise de vue et \u00e0 la pratique intempestive de la \u00ab\u00a0poucette\u00a0\u00bb, faisant croire qu\u2019il suffit de faire des centaines de clich\u00e9s pour se dire photographe. En plus de la qualit\u00e9 de la prise de vue qui n\u00e9cessite\u00a0d\u00e9j\u00e0 une comp\u00e9tence certaine, et apr\u00e8s la s\u00e9lection des meilleurs clich\u00e9s, une ing\u00e9nierie technique est n\u00e9cessaire qui va bonifier le clich\u00e9 retenu et en faire une photo professionnelle comme expression\u00a0 d\u2019une intervention esth\u00e9tique et artistique que je revendique dans ma fa\u00e7on de faire mon m\u00e9tier de photographe. D\u00e8s lors, ce n\u2019est qu\u2019apr\u00e8s toutes ces diff\u00e9rences phases que le clich\u00e9 passe \u00e0 la moulinette et vient composer l\u2019album final dans une mise en sc\u00e8ne qui donne un esprit global \u00e0 cette \u0153uvre r\u00e9alis\u00e9e. Ce n\u2019est qu\u2019\u00e0 ce moment, que l\u2019on a le sentiment d\u2019avoir accompli le travail et comme le dit si bien la formule\u00a0: <i>\u00ab\u00a0fait le job\u00a0\u00bb\u00a0!!!<\/i><\/p>\n<p>&nbsp;<\/p>\n<blockquote><p>&nbsp;<\/p><\/blockquote>\n<blockquote>\n<figure id=\"attachment_1445\" aria-describedby=\"caption-attachment-1445\" style=\"width: 640px\" class=\"wp-caption aligncenter\"><a href=\"https:\/\/i0.wp.com\/www.photo-somelet.fr\/blog\/wp-content\/uploads\/2014\/08\/K3L6523.jpg\"><img data-recalc-dims=\"1\" loading=\"lazy\" decoding=\"async\" class=\"wp-image-1445 size-large\" src=\"https:\/\/i0.wp.com\/www.photo-somelet.fr\/blog\/wp-content\/uploads\/2014\/08\/K3L6523.jpg?resize=640%2C426\" alt=\"post-production\" width=\"640\" height=\"426\" \/><\/a><figcaption id=\"caption-attachment-1445\" class=\"wp-caption-text\">La photo apr\u00e8s la post-production.<\/figcaption><\/figure><\/blockquote>\n<p style=\"color: #323333;\">Pour r\u00e9sum\u00e9 que retenir de tout cela\u00a0? L&rsquo;aboutissement de la phase de cr\u00e9ation d&rsquo;images est la r\u00e9alisation d\u2019un sc\u00e9nario qui sera la traduction d\u2019une alliance entre ce que les gens ont souhait\u00e9 pr\u00e9senter lors des prises de vue et la mani\u00e8re dont le photographe a su retenir et exprimer les impressions recherch\u00e9es, parfois d\u00e9voil\u00e9es en catimini mais que le professionnel doit r\u00e9v\u00e9ler par la qualit\u00e9 des prises de vue effectu\u00e9es et la combinaison des photos r\u00e9alis\u00e9s et retenus. Le DVD ne peut en aucun cas exprimer cela. Il ne peut exprimer l\u2019art photographique que je cherche \u00e0 r\u00e9aliser en \u00e9laborant l\u2019ouvrage iconographique final qui sera transmis aux personnes\u00a0: <i>\u00ab\u00a0donner le meilleur de soi pour une\u00a0cr\u00e9ation au service d&rsquo;un bel objet, livre, album ou tirage de collection\u00a0!\u00a0\u00bb<\/i><\/p>\n<blockquote><p>Synth\u00e8se r\u00e9alis\u00e9e par J. Corneloup, laboratoire Territoires PACTE, Grenoble, suite \u00e0 un entretien avec P. Somelet<\/p><\/blockquote>\n","protected":false},"excerpt":{"rendered":"<p>Dire\u00a0: \u00ab\u00a0ce n&rsquo;est pas le mat\u00e9riel qui fait les bonnes photos\u00a0\u00bb est une \u00e9vidence, mais cela m\u00e9rite une explication. Une photo est une repr\u00e9sentation de l&rsquo;esprit et une \u0153uvre artistique lorsque l\u2019on souhaite r\u00e9aliser pleinement son m\u00e9tier de photographe. Il faut toujours se poser la question de la finalit\u00e9 professionnelle de nos prises de vue. &hellip; <\/p>\n","protected":false},"author":1,"featured_media":1449,"comment_status":"open","ping_status":"open","sticky":false,"template":"","format":"standard","meta":{"_jetpack_memberships_contains_paid_content":false,"footnotes":""},"categories":[8,9,52,30],"tags":[38,14,28,35,84,31,39,32,37,50,36,41,42,51,16,11,40,60,33,45,25,53,17,88,12,150,10,54,15,24,44],"class_list":["post-1440","post","type-post","status-publish","format-standard","has-post-thumbnail","hentry","category-news","category-photo","category-photo-du-mois","category-reportage","tag-aerienne","tag-aix-les-bains","tag-annecy","tag-annemasse","tag-aquitaine","tag-beaufortain","tag-bride-les-bains","tag-casino-daix-les-bains","tag-chambery","tag-chamonix","tag-chateau-de-candy","tag-copponex","tag-crest-volant","tag-decoration","tag-haute-savoie","tag-illustration","tag-la-medice","tag-lac-dannecy","tag-lac-du-bourget","tag-lac-leman","tag-les-saisies","tag-lyon","tag-maraige","tag-palace-de-menthon-saint-bernard","tag-patrick-somelet","tag-portrait","tag-reportage-photo","tag-rhone-alpes","tag-savoie","tag-suisse","tag-thonon-les-bains"],"jetpack_featured_media_url":"https:\/\/i0.wp.com\/www.photo-somelet.fr\/blog\/wp-content\/uploads\/2014\/08\/K3L6523-1.jpg?fit=762%2C254","jetpack-related-posts":[],"jetpack_shortlink":"https:\/\/wp.me\/pdsDyR-ne","jetpack_sharing_enabled":true,"_links":{"self":[{"href":"http:\/\/www.photo-somelet.fr\/blog\/wp-json\/wp\/v2\/posts\/1440"}],"collection":[{"href":"http:\/\/www.photo-somelet.fr\/blog\/wp-json\/wp\/v2\/posts"}],"about":[{"href":"http:\/\/www.photo-somelet.fr\/blog\/wp-json\/wp\/v2\/types\/post"}],"author":[{"embeddable":true,"href":"http:\/\/www.photo-somelet.fr\/blog\/wp-json\/wp\/v2\/users\/1"}],"replies":[{"embeddable":true,"href":"http:\/\/www.photo-somelet.fr\/blog\/wp-json\/wp\/v2\/comments?post=1440"}],"version-history":[{"count":28,"href":"http:\/\/www.photo-somelet.fr\/blog\/wp-json\/wp\/v2\/posts\/1440\/revisions"}],"predecessor-version":[{"id":1467,"href":"http:\/\/www.photo-somelet.fr\/blog\/wp-json\/wp\/v2\/posts\/1440\/revisions\/1467"}],"wp:featuredmedia":[{"embeddable":true,"href":"http:\/\/www.photo-somelet.fr\/blog\/wp-json\/wp\/v2\/media\/1449"}],"wp:attachment":[{"href":"http:\/\/www.photo-somelet.fr\/blog\/wp-json\/wp\/v2\/media?parent=1440"}],"wp:term":[{"taxonomy":"category","embeddable":true,"href":"http:\/\/www.photo-somelet.fr\/blog\/wp-json\/wp\/v2\/categories?post=1440"},{"taxonomy":"post_tag","embeddable":true,"href":"http:\/\/www.photo-somelet.fr\/blog\/wp-json\/wp\/v2\/tags?post=1440"}],"curies":[{"name":"wp","href":"https:\/\/api.w.org\/{rel}","templated":true}]}}