{"id":1628,"date":"2015-05-20T22:23:55","date_gmt":"2015-05-20T21:23:55","guid":{"rendered":"http:\/\/www.photo-somelet.fr\/blog\/?p=1628"},"modified":"2015-05-20T22:23:55","modified_gmt":"2015-05-20T21:23:55","slug":"faire-des-photos-ou-faire-de-la-photo","status":"publish","type":"post","link":"http:\/\/www.photo-somelet.fr\/blog\/faire-des-photos-ou-faire-de-la-photo\/","title":{"rendered":"Faire des photos, ou faire de La Photo."},"content":{"rendered":"<blockquote><p>Je suis tomb\u00e9 dedans il y a maintenant plus de 40 ans.<\/p><\/blockquote>\n<p>Quel bonheur de faire plaisir en se faisant plaisir !<\/p>\n<p>J&rsquo;adore faire de belles images, de beaux clich\u00e9s que le temps n&rsquo;alt\u00e9rera pas. J&rsquo;adore cr\u00e9er de l&rsquo;immortalit\u00e9 et le faire ressentir.<\/p>\n<p>Quel plaisir de recevoir en \u00e9change :<\/p>\n<blockquote>\n<div id=\"yui_3_16_0_1_1432058876399_35995\"><span id=\"yui_3_16_0_1_1432058876399_37966\">\u00ab\u00a0Notre mariage s&rsquo;est super bien pass\u00e9 et&#8230;. il a \u00e9t\u00e9 comme nous l&rsquo;avions r\u00eav\u00e9. La soir\u00e9e s&rsquo;est tr\u00e8s bien pass\u00e9e et nous avons termin\u00e9 \u00e0 5h. \ud83d\ude42<\/span><\/div>\n<div id=\"yui_3_16_0_1_1432058876399_35995\"><span id=\"yui_3_16_0_1_1432058876399_37967\">Merci \u00e0 toi pour ton professionnalisme et ton entrain qui a \u00e9t\u00e9 fortement remarqu\u00e9 et appr\u00e9ci\u00e9.<\/span><\/div>\n<div id=\"yui_3_16_0_1_1432058876399_35995\"><span id=\"yui_3_16_0_1_1432058876399_39061\">On a tous h\u00e2te de d\u00e9couvrir les photos&#8230;..\u00a0\u00bb<\/span><\/div>\n<\/blockquote>\n<div>\n<figure id=\"attachment_1630\" aria-describedby=\"caption-attachment-1630\" style=\"width: 544px\" class=\"wp-caption aligncenter\"><img data-recalc-dims=\"1\" loading=\"lazy\" decoding=\"async\" class=\"wp-image-1630 size-full\" src=\"https:\/\/i0.wp.com\/www.photo-somelet.fr\/blog\/wp-content\/uploads\/2015\/05\/MK3L3925.jpg?resize=544%2C762\" alt=\"\" width=\"544\" height=\"762\" srcset=\"https:\/\/i0.wp.com\/www.photo-somelet.fr\/blog\/wp-content\/uploads\/2015\/05\/MK3L3925.jpg?w=544 544w, https:\/\/i0.wp.com\/www.photo-somelet.fr\/blog\/wp-content\/uploads\/2015\/05\/MK3L3925.jpg?resize=214%2C300 214w, https:\/\/i0.wp.com\/www.photo-somelet.fr\/blog\/wp-content\/uploads\/2015\/05\/MK3L3925.jpg?resize=457%2C640 457w, https:\/\/i0.wp.com\/www.photo-somelet.fr\/blog\/wp-content\/uploads\/2015\/05\/MK3L3925.jpg?resize=43%2C60 43w\" sizes=\"(max-width: 544px) 100vw, 544px\" \/><figcaption id=\"caption-attachment-1630\" class=\"wp-caption-text\">Photos pendant les pr\u00e9paratifs de la mari\u00e9e.<\/figcaption><\/figure>\n<\/div>\n","protected":false},"excerpt":{"rendered":"<p>Je suis tomb\u00e9 dedans il y a maintenant plus de 40 ans. Quel bonheur de faire plaisir en se faisant plaisir ! J&rsquo;adore faire de belles images, de beaux clich\u00e9s que le temps n&rsquo;alt\u00e9rera pas. J&rsquo;adore cr\u00e9er de l&rsquo;immortalit\u00e9 et le faire ressentir. Quel plaisir de recevoir en \u00e9change : \u00ab\u00a0Notre mariage s&rsquo;est super bien &hellip; <\/p>\n","protected":false},"author":1,"featured_media":0,"comment_status":"open","ping_status":"open","sticky":false,"template":"","format":"standard","meta":{"_jetpack_memberships_contains_paid_content":false,"footnotes":""},"categories":[72,65,7,52],"tags":[28,16,11,40,12,46,54,15],"class_list":["post-1628","post","type-post","status-publish","format-standard","hentry","category-evenementiel-2","category-illusration","category-mariage","category-photo-du-mois","tag-annecy","tag-haute-savoie","tag-illustration","tag-la-medice","tag-patrick-somelet","tag-photographe","tag-rhone-alpes","tag-savoie"],"jetpack_featured_media_url":"","jetpack-related-posts":[],"jetpack_shortlink":"https:\/\/wp.me\/pdsDyR-qg","jetpack_sharing_enabled":true,"_links":{"self":[{"href":"http:\/\/www.photo-somelet.fr\/blog\/wp-json\/wp\/v2\/posts\/1628"}],"collection":[{"href":"http:\/\/www.photo-somelet.fr\/blog\/wp-json\/wp\/v2\/posts"}],"about":[{"href":"http:\/\/www.photo-somelet.fr\/blog\/wp-json\/wp\/v2\/types\/post"}],"author":[{"embeddable":true,"href":"http:\/\/www.photo-somelet.fr\/blog\/wp-json\/wp\/v2\/users\/1"}],"replies":[{"embeddable":true,"href":"http:\/\/www.photo-somelet.fr\/blog\/wp-json\/wp\/v2\/comments?post=1628"}],"version-history":[{"count":1,"href":"http:\/\/www.photo-somelet.fr\/blog\/wp-json\/wp\/v2\/posts\/1628\/revisions"}],"predecessor-version":[{"id":1631,"href":"http:\/\/www.photo-somelet.fr\/blog\/wp-json\/wp\/v2\/posts\/1628\/revisions\/1631"}],"wp:attachment":[{"href":"http:\/\/www.photo-somelet.fr\/blog\/wp-json\/wp\/v2\/media?parent=1628"}],"wp:term":[{"taxonomy":"category","embeddable":true,"href":"http:\/\/www.photo-somelet.fr\/blog\/wp-json\/wp\/v2\/categories?post=1628"},{"taxonomy":"post_tag","embeddable":true,"href":"http:\/\/www.photo-somelet.fr\/blog\/wp-json\/wp\/v2\/tags?post=1628"}],"curies":[{"name":"wp","href":"https:\/\/api.w.org\/{rel}","templated":true}]}}