{"id":1762,"date":"2015-10-26T15:46:57","date_gmt":"2015-10-26T14:46:57","guid":{"rendered":"http:\/\/www.photo-somelet.fr\/blog\/?p=1762"},"modified":"2021-10-20T22:05:50","modified_gmt":"2021-10-20T21:05:50","slug":"reportage-photo-recadrage-des-images","status":"publish","type":"post","link":"http:\/\/www.photo-somelet.fr\/blog\/reportage-photo-recadrage-des-images\/","title":{"rendered":"Reportage photo, recadrage des images ou expertise."},"content":{"rendered":"<blockquote>\n<p>Lors du dernier salon de la mari\u00e9e \u00e0&nbsp;Annecy, un futur mari\u00e9 me questionnait sur ma fa\u00e7on de travailler, mon mat\u00e9riel, les recadrages des photos prises.<\/p>\n<\/blockquote>\n<p>Son raisonnement \u00e9tait le suivant : avec ce&nbsp;mat\u00e9riel haut de gamme, capable de r\u00e9aliser des photos d&rsquo;une si grande&nbsp;d\u00e9finition, il suffisait de recadrer pour avoir les images souhait\u00e9es.<\/p>\n<p>Voici comment le discours des fabricants de mat\u00e9riel photo arrive \u00e0 d\u00e9voyer l&rsquo;esprit de l&rsquo;amateur. Comment un discours marketing arrive \u00e0 faire prendre des vessies pour des lanternes et laisse croire que la photo n&rsquo;est qu&rsquo;une histoire de mat\u00e9riel.<\/p>\n<p><\/p>\n<blockquote>\n<p>Une Photo, une Image : est une oeuvre de l&rsquo;esprit de son cr\u00e9ateur, le photographe.<\/p>\n<\/blockquote>\n<p>De bien grands mots pour expliquer qu&rsquo;un photographe au sommet de son art sait :<\/p>\n<ul>\n<li>ce qu&rsquo;il fait.<\/li>\n<li>comment il doit le faire.<\/li>\n<li>\u00e0 quel moment.<\/li>\n<li>m\u00eame l&rsquo;impr\u00e9vu ne l&rsquo;est pas,&nbsp;il est par\u00e9 \u00e0 toutes les \u00e9ventualit\u00e9s.<\/li>\n<\/ul>\n<p>Un reportage n&rsquo;est pas un tas de photos, c&rsquo;est une histoire, l&rsquo;histoire d&rsquo;un \u00e9v\u00e9nement. Peu importe le sujet. Pas forc\u00e9ment besoin de l\u00e9gende si le travail est bien fait.<\/p>\n<p><\/p>\n<p><strong>Voici comment doit fonctionner le cerveau d\u2019un photographe.<\/strong><\/p>\n<p>Il m&rsquo;arrive d&rsquo;entendre apr\u00e8s la mise en ligne d&rsquo;un reportage : \u00ab\u00a0il y a beaucoup de photos qui se ressemblent, que le choix est difficile\u00a0\u00bb.<\/p>\n<p>Ecrire avec de la lumi\u00e8re,&nbsp;principe de base :<\/p>\n<ul>\n<li>plan large horizontal (double page).<\/li>\n<li>plan&nbsp;large vertical (pleine page).<\/li>\n<li>plan serr\u00e9&nbsp;horizontal (double page et quart de page, vignette)<\/li>\n<li>plan serr\u00e9 vertical (double page et quart de page, vignette)<\/li>\n<\/ul>\n<p>Cette mani\u00e8re de travailler les images de&nbsp;mariage est celle que j&rsquo;ai apprise en produisant des photos&nbsp;pour des \u00e9diteurs : de livre, de presse magazine.&nbsp;<br><span style=\"font-size: revert; color: initial;\">Sur le salon, j&rsquo;ai essay\u00e9 d&rsquo;expliquer&nbsp;:&nbsp;la quantit\u00e9 n&rsquo;est rien, seul compte la qualit\u00e9. Ce qui compte encore plus, c&rsquo;est \u00e0 quel usage les photos sont destin\u00e9es.<\/span><\/p>\n<blockquote>\n<p>Faire appel \u00e0 un pro pour au bout du compte lui demander de ne pas terminer son travail. Des photos sur une cl\u00e9 USB, ce n&rsquo;est pas une fin en soi. &nbsp;Un reportage termin\u00e9, rien \u00e0 voir avec un&nbsp;millier de photos sur une cl\u00e9 USB. Une belle histoire se termine par la cr\u00e9ation d&rsquo;un beau recueil. Il raconte ces instants, \u00e0 travers les pages, dans un livre, ou d&rsquo;un&nbsp;album.<\/p>\n<p>Pour revenir au d\u00e9but de ce post, un receuil de photos, ce n&rsquo;est pas une histoire de mat\u00e9riel et de recadrage. Le recadrage est un aveu&nbsp;&nbsp;de faiblesse. C&rsquo;est admettre que le travail n&rsquo;a pas \u00e9t\u00e9 bien pens\u00e9, qu&rsquo;il manque des images.<\/p>\n<\/blockquote>\n\n\n<div class=\"wp-block-image\"><figure class=\"aligncenter size-large\"><img data-recalc-dims=\"1\" loading=\"lazy\" decoding=\"async\" width=\"426\" height=\"640\" src=\"https:\/\/i0.wp.com\/www.photo-somelet.fr\/blog\/wp-content\/uploads\/2015\/11\/MG_0102.jpg?resize=426%2C640\" alt=\"\" class=\"wp-image-1825\" srcset=\"https:\/\/i0.wp.com\/www.photo-somelet.fr\/blog\/wp-content\/uploads\/2015\/11\/MG_0102.jpg?resize=426%2C640 426w, https:\/\/i0.wp.com\/www.photo-somelet.fr\/blog\/wp-content\/uploads\/2015\/11\/MG_0102.jpg?resize=200%2C300 200w, https:\/\/i0.wp.com\/www.photo-somelet.fr\/blog\/wp-content\/uploads\/2015\/11\/MG_0102.jpg?resize=40%2C60 40w, https:\/\/i0.wp.com\/www.photo-somelet.fr\/blog\/wp-content\/uploads\/2015\/11\/MG_0102.jpg?w=533 533w\" sizes=\"(max-width: 426px) 100vw, 426px\" \/><\/figure><\/div>\n","protected":false},"excerpt":{"rendered":"<p>Lors du dernier salon de la mari\u00e9e \u00e0&nbsp;Annecy, un futur mari\u00e9 me questionnait sur ma fa\u00e7on de travailler, mon mat\u00e9riel, les recadrages des photos prises. Son raisonnement \u00e9tait le suivant : avec ce&nbsp;mat\u00e9riel haut de gamme, capable de r\u00e9aliser des photos d&rsquo;une si grande&nbsp;d\u00e9finition, il suffisait de recadrer pour avoir les images souhait\u00e9es. Voici comment &hellip; <\/p>\n","protected":false},"author":1,"featured_media":1825,"comment_status":"open","ping_status":"open","sticky":false,"template":"","format":"standard","meta":{"_jetpack_memberships_contains_paid_content":false,"footnotes":""},"categories":[7,8,9,30],"tags":[136,11,45,17,10,24],"class_list":["post-1762","post","type-post","status-publish","format-standard","has-post-thumbnail","hentry","category-mariage","category-news","category-photo","category-reportage","tag-geneve","tag-illustration","tag-lac-leman","tag-maraige","tag-reportage-photo","tag-suisse"],"jetpack_featured_media_url":"https:\/\/i0.wp.com\/www.photo-somelet.fr\/blog\/wp-content\/uploads\/2015\/11\/MG_0102.jpg?fit=533%2C800","jetpack-related-posts":[],"jetpack_shortlink":"https:\/\/wp.me\/pdsDyR-sq","jetpack_sharing_enabled":true,"_links":{"self":[{"href":"http:\/\/www.photo-somelet.fr\/blog\/wp-json\/wp\/v2\/posts\/1762"}],"collection":[{"href":"http:\/\/www.photo-somelet.fr\/blog\/wp-json\/wp\/v2\/posts"}],"about":[{"href":"http:\/\/www.photo-somelet.fr\/blog\/wp-json\/wp\/v2\/types\/post"}],"author":[{"embeddable":true,"href":"http:\/\/www.photo-somelet.fr\/blog\/wp-json\/wp\/v2\/users\/1"}],"replies":[{"embeddable":true,"href":"http:\/\/www.photo-somelet.fr\/blog\/wp-json\/wp\/v2\/comments?post=1762"}],"version-history":[{"count":26,"href":"http:\/\/www.photo-somelet.fr\/blog\/wp-json\/wp\/v2\/posts\/1762\/revisions"}],"predecessor-version":[{"id":2086,"href":"http:\/\/www.photo-somelet.fr\/blog\/wp-json\/wp\/v2\/posts\/1762\/revisions\/2086"}],"wp:featuredmedia":[{"embeddable":true,"href":"http:\/\/www.photo-somelet.fr\/blog\/wp-json\/wp\/v2\/media\/1825"}],"wp:attachment":[{"href":"http:\/\/www.photo-somelet.fr\/blog\/wp-json\/wp\/v2\/media?parent=1762"}],"wp:term":[{"taxonomy":"category","embeddable":true,"href":"http:\/\/www.photo-somelet.fr\/blog\/wp-json\/wp\/v2\/categories?post=1762"},{"taxonomy":"post_tag","embeddable":true,"href":"http:\/\/www.photo-somelet.fr\/blog\/wp-json\/wp\/v2\/tags?post=1762"}],"curies":[{"name":"wp","href":"https:\/\/api.w.org\/{rel}","templated":true}]}}