{"id":193,"date":"2011-01-28T13:35:40","date_gmt":"2011-01-28T12:35:40","guid":{"rendered":"http:\/\/www.photo-somelet.fr\/blog\/?p=193"},"modified":"2016-04-25T19:14:57","modified_gmt":"2016-04-25T18:14:57","slug":"world-economic-forum-2011","status":"publish","type":"post","link":"http:\/\/www.photo-somelet.fr\/blog\/world-economic-forum-2011\/","title":{"rendered":"REPORTAGE, WORLD ECONOMIC FORUM 2011 de Davos"},"content":{"rendered":"<p>De retour de Davos, le plus gros du travail reste \u00e0 r\u00e9aliser, trier et corriger les 1700 photos de ce reportage. Ces images devront \u00eatre livr\u00e9s en d\u00e9but de semaine prochaine au si\u00e8ge du WEF de Gen\u00e8ve.<\/p>\n<div class=\"tiled-gallery type-rectangular tiled-gallery-unresized\" data-original-width=\"925\" data-carousel-extra='null' itemscope itemtype=\"http:\/\/schema.org\/ImageGallery\" > <div class=\"gallery-row\" style=\"width: 925px; height: 414px;\" data-original-width=\"925\" data-original-height=\"414\" > <div class=\"gallery-group images-1\" style=\"width: 617px; height: 414px;\" data-original-width=\"617\" data-original-height=\"414\" > <div class=\"tiled-gallery-item tiled-gallery-item-large\" itemprop=\"associatedMedia\" itemscope itemtype=\"http:\/\/schema.org\/ImageObject\"> <a href=\"https:\/\/i0.wp.com\/www.photo-somelet.fr\/blog\/wp-content\/uploads\/2012\/11\/MG_0365.jpg\" border=\"0\" itemprop=\"url\"> <meta itemprop=\"width\" content=\"613\"> <meta itemprop=\"height\" content=\"410\"> <img decoding=\"async\" class=\"\" data-attachment-id=\"194\" data-orig-file=\"http:\/\/www.photo-somelet.fr\/blog\/wp-content\/uploads\/2012\/11\/MG_0365.jpg\" data-orig-size=\"398,266\" data-comments-opened=\"1\" data-image-meta=\"{&quot;aperture&quot;:&quot;2.8&quot;,&quot;credit&quot;:&quot;PATRICK SOMELET&quot;,&quot;camera&quot;:&quot;Canon EOS 5D Mark II&quot;,&quot;caption&quot;:&quot;Davos 2011 World Economic Forum, illustration&quot;,&quot;created_timestamp&quot;:&quot;1296061175&quot;,&quot;copyright&quot;:&quot;\\u00a9 photo-somelet.fr&quot;,&quot;focal_length&quot;:&quot;21&quot;,&quot;iso&quot;:&quot;200&quot;,&quot;shutter_speed&quot;:&quot;0.0125&quot;,&quot;title&quot;:&quot;WORLD ECONOMIC 2011&quot;,&quot;orientation&quot;:&quot;0&quot;}\" data-image-title=\"WORLD ECONOMIC 2011\" data-image-description=\"&lt;p&gt;Davos 2011 World Economic Forum, illustration&lt;\/p&gt; \" data-medium-file=\"https:\/\/i0.wp.com\/www.photo-somelet.fr\/blog\/wp-content\/uploads\/2012\/11\/MG_0365.jpg?fit=300%2C201\" data-large-file=\"https:\/\/i0.wp.com\/www.photo-somelet.fr\/blog\/wp-content\/uploads\/2012\/11\/MG_0365.jpg?fit=398%2C266\" src=\"https:\/\/i0.wp.com\/www.photo-somelet.fr\/blog\/wp-content\/uploads\/2012\/11\/MG_0365.jpg?w=613&#038;h=410\" srcset=\"https:\/\/i0.wp.com\/www.photo-somelet.fr\/blog\/wp-content\/uploads\/2012\/11\/MG_0365.jpg?w=398 398w, https:\/\/i0.wp.com\/www.photo-somelet.fr\/blog\/wp-content\/uploads\/2012\/11\/MG_0365.jpg?resize=300%2C201 300w, https:\/\/i0.wp.com\/www.photo-somelet.fr\/blog\/wp-content\/uploads\/2012\/11\/MG_0365.jpg?resize=90%2C60 90w\" width=\"613\" height=\"410\" loading=\"lazy\" data-original-width=\"613\" data-original-height=\"410\" itemprop=\"http:\/\/schema.org\/image\" title=\"WORLD ECONOMIC 2011\" alt=\"WORLD ECONOMIC 2011\" style=\"width: 613px; height: 410px;\" \/> <\/a> <\/div> <\/div> <!-- close group --> <div class=\"gallery-group images-2\" style=\"width: 308px; height: 414px;\" data-original-width=\"308\" data-original-height=\"414\" > <div class=\"tiled-gallery-item tiled-gallery-item-large\" itemprop=\"associatedMedia\" itemscope itemtype=\"http:\/\/schema.org\/ImageObject\"> <a href=\"https:\/\/i0.wp.com\/www.photo-somelet.fr\/blog\/wp-content\/uploads\/2012\/11\/MG_0377.jpg\" border=\"0\" itemprop=\"url\"> <meta itemprop=\"width\" content=\"304\"> <meta itemprop=\"height\" content=\"203\"> <img decoding=\"async\" class=\"\" data-attachment-id=\"195\" data-orig-file=\"http:\/\/www.photo-somelet.fr\/blog\/wp-content\/uploads\/2012\/11\/MG_0377.jpg\" data-orig-size=\"399,266\" data-comments-opened=\"1\" data-image-meta=\"{&quot;aperture&quot;:&quot;2.8&quot;,&quot;credit&quot;:&quot;PATRICK SOMELET&quot;,&quot;camera&quot;:&quot;Canon EOS 5D Mark II&quot;,&quot;caption&quot;:&quot;Davos 2011 World Economic Forum, illustration&quot;,&quot;created_timestamp&quot;:&quot;1296061356&quot;,&quot;copyright&quot;:&quot;\\u00a9 photo-somelet.fr&quot;,&quot;focal_length&quot;:&quot;16&quot;,&quot;iso&quot;:&quot;1600&quot;,&quot;shutter_speed&quot;:&quot;0.016666666666667&quot;,&quot;title&quot;:&quot;WORLD ECONOMIC 2011&quot;,&quot;orientation&quot;:&quot;0&quot;}\" data-image-title=\"WORLD ECONOMIC 2011\" data-image-description=\"&lt;p&gt;Davos 2011 World Economic Forum, illustration&lt;\/p&gt; \" data-medium-file=\"https:\/\/i0.wp.com\/www.photo-somelet.fr\/blog\/wp-content\/uploads\/2012\/11\/MG_0377.jpg?fit=300%2C200\" data-large-file=\"https:\/\/i0.wp.com\/www.photo-somelet.fr\/blog\/wp-content\/uploads\/2012\/11\/MG_0377.jpg?fit=399%2C266\" src=\"https:\/\/i0.wp.com\/www.photo-somelet.fr\/blog\/wp-content\/uploads\/2012\/11\/MG_0377.jpg?w=304&#038;h=203\" srcset=\"https:\/\/i0.wp.com\/www.photo-somelet.fr\/blog\/wp-content\/uploads\/2012\/11\/MG_0377.jpg?w=399 399w, https:\/\/i0.wp.com\/www.photo-somelet.fr\/blog\/wp-content\/uploads\/2012\/11\/MG_0377.jpg?resize=300%2C200 300w, https:\/\/i0.wp.com\/www.photo-somelet.fr\/blog\/wp-content\/uploads\/2012\/11\/MG_0377.jpg?resize=90%2C60 90w\" width=\"304\" height=\"203\" loading=\"lazy\" data-original-width=\"304\" data-original-height=\"203\" itemprop=\"http:\/\/schema.org\/image\" title=\"WORLD ECONOMIC 2011\" alt=\"WORLD ECONOMIC 2011\" style=\"width: 304px; height: 203px;\" \/> <\/a> <\/div> <div class=\"tiled-gallery-item tiled-gallery-item-large\" itemprop=\"associatedMedia\" itemscope itemtype=\"http:\/\/schema.org\/ImageObject\"> <a href=\"https:\/\/i0.wp.com\/www.photo-somelet.fr\/blog\/wp-content\/uploads\/2012\/11\/MG_0380.jpg\" border=\"0\" itemprop=\"url\"> <meta itemprop=\"width\" content=\"304\"> <meta itemprop=\"height\" content=\"203\"> <img decoding=\"async\" class=\"\" data-attachment-id=\"196\" data-orig-file=\"http:\/\/www.photo-somelet.fr\/blog\/wp-content\/uploads\/2012\/11\/MG_0380.jpg\" data-orig-size=\"399,266\" data-comments-opened=\"1\" data-image-meta=\"{&quot;aperture&quot;:&quot;3.2&quot;,&quot;credit&quot;:&quot;PATRICK SOMELET&quot;,&quot;camera&quot;:&quot;Canon EOS 5D Mark II&quot;,&quot;caption&quot;:&quot;Davos 2011 World Economic Forum, illustration&quot;,&quot;created_timestamp&quot;:&quot;1296061370&quot;,&quot;copyright&quot;:&quot;\\u00a9 photo-somelet.fr&quot;,&quot;focal_length&quot;:&quot;27&quot;,&quot;iso&quot;:&quot;2000&quot;,&quot;shutter_speed&quot;:&quot;0.016666666666667&quot;,&quot;title&quot;:&quot;WORLD ECONOMIC 2011&quot;,&quot;orientation&quot;:&quot;0&quot;}\" data-image-title=\"WORLD ECONOMIC 2011\" data-image-description=\"&lt;p&gt;Davos 2011 World Economic Forum, illustration&lt;\/p&gt; \" data-medium-file=\"https:\/\/i0.wp.com\/www.photo-somelet.fr\/blog\/wp-content\/uploads\/2012\/11\/MG_0380.jpg?fit=300%2C200\" data-large-file=\"https:\/\/i0.wp.com\/www.photo-somelet.fr\/blog\/wp-content\/uploads\/2012\/11\/MG_0380.jpg?fit=399%2C266\" src=\"https:\/\/i0.wp.com\/www.photo-somelet.fr\/blog\/wp-content\/uploads\/2012\/11\/MG_0380.jpg?w=304&#038;h=203\" srcset=\"https:\/\/i0.wp.com\/www.photo-somelet.fr\/blog\/wp-content\/uploads\/2012\/11\/MG_0380.jpg?w=399 399w, https:\/\/i0.wp.com\/www.photo-somelet.fr\/blog\/wp-content\/uploads\/2012\/11\/MG_0380.jpg?resize=300%2C200 300w, https:\/\/i0.wp.com\/www.photo-somelet.fr\/blog\/wp-content\/uploads\/2012\/11\/MG_0380.jpg?resize=90%2C60 90w\" width=\"304\" height=\"203\" loading=\"lazy\" data-original-width=\"304\" data-original-height=\"203\" itemprop=\"http:\/\/schema.org\/image\" title=\"WORLD ECONOMIC 2011\" alt=\"WORLD ECONOMIC 2011\" style=\"width: 304px; height: 203px;\" \/> <\/a> <\/div> <\/div> <!-- close group --> <\/div> <!-- close row --> <div class=\"gallery-row\" style=\"width: 925px; height: 310px;\" data-original-width=\"925\" data-original-height=\"310\" > <div class=\"gallery-group images-1\" style=\"width: 462px; height: 310px;\" data-original-width=\"462\" data-original-height=\"310\" > <div class=\"tiled-gallery-item tiled-gallery-item-large\" itemprop=\"associatedMedia\" itemscope itemtype=\"http:\/\/schema.org\/ImageObject\"> <a href=\"https:\/\/i0.wp.com\/www.photo-somelet.fr\/blog\/wp-content\/uploads\/2012\/11\/MG_0385.jpg\" border=\"0\" itemprop=\"url\"> <meta itemprop=\"width\" content=\"458\"> <meta itemprop=\"height\" content=\"306\"> <img decoding=\"async\" class=\"\" data-attachment-id=\"197\" data-orig-file=\"http:\/\/www.photo-somelet.fr\/blog\/wp-content\/uploads\/2012\/11\/MG_0385.jpg\" data-orig-size=\"800,534\" data-comments-opened=\"1\" data-image-meta=\"{&quot;aperture&quot;:&quot;3.2&quot;,&quot;credit&quot;:&quot;PATRICK SOMELET&quot;,&quot;camera&quot;:&quot;Canon EOS 5D Mark II&quot;,&quot;caption&quot;:&quot;Davos 2011 World Economic Forum, illustration&quot;,&quot;created_timestamp&quot;:&quot;1296061473&quot;,&quot;copyright&quot;:&quot;\\u00a9 photo-somelet.fr&quot;,&quot;focal_length&quot;:&quot;16&quot;,&quot;iso&quot;:&quot;1600&quot;,&quot;shutter_speed&quot;:&quot;0.016666666666667&quot;,&quot;title&quot;:&quot;WORLD ECONOMIC 2011&quot;,&quot;orientation&quot;:&quot;0&quot;}\" data-image-title=\"WORLD ECONOMIC 2011\" data-image-description=\"&lt;p&gt;Davos 2011 World Economic Forum, illustration&lt;\/p&gt; \" data-medium-file=\"https:\/\/i0.wp.com\/www.photo-somelet.fr\/blog\/wp-content\/uploads\/2012\/11\/MG_0385.jpg?fit=300%2C200\" data-large-file=\"https:\/\/i0.wp.com\/www.photo-somelet.fr\/blog\/wp-content\/uploads\/2012\/11\/MG_0385.jpg?fit=640%2C427\" src=\"https:\/\/i0.wp.com\/www.photo-somelet.fr\/blog\/wp-content\/uploads\/2012\/11\/MG_0385.jpg?w=458&#038;h=306\" srcset=\"https:\/\/i0.wp.com\/www.photo-somelet.fr\/blog\/wp-content\/uploads\/2012\/11\/MG_0385.jpg?w=800 800w, https:\/\/i0.wp.com\/www.photo-somelet.fr\/blog\/wp-content\/uploads\/2012\/11\/MG_0385.jpg?resize=300%2C200 300w, https:\/\/i0.wp.com\/www.photo-somelet.fr\/blog\/wp-content\/uploads\/2012\/11\/MG_0385.jpg?resize=640%2C427 640w, https:\/\/i0.wp.com\/www.photo-somelet.fr\/blog\/wp-content\/uploads\/2012\/11\/MG_0385.jpg?resize=768%2C513 768w, https:\/\/i0.wp.com\/www.photo-somelet.fr\/blog\/wp-content\/uploads\/2012\/11\/MG_0385.jpg?resize=90%2C60 90w\" width=\"458\" height=\"306\" loading=\"lazy\" data-original-width=\"458\" data-original-height=\"306\" itemprop=\"http:\/\/schema.org\/image\" title=\"WORLD ECONOMIC 2011\" alt=\"WORLD ECONOMIC 2011\" style=\"width: 458px; height: 306px;\" \/> <\/a> <\/div> <\/div> <!-- close group --> <div class=\"gallery-group images-1\" style=\"width: 463px; height: 310px;\" data-original-width=\"463\" data-original-height=\"310\" > <div class=\"tiled-gallery-item tiled-gallery-item-large\" itemprop=\"associatedMedia\" itemscope itemtype=\"http:\/\/schema.org\/ImageObject\"> <a href=\"https:\/\/i0.wp.com\/www.photo-somelet.fr\/blog\/wp-content\/uploads\/2012\/11\/MG_0398.jpg\" border=\"0\" itemprop=\"url\"> <meta itemprop=\"width\" content=\"459\"> <meta itemprop=\"height\" content=\"306\"> <img decoding=\"async\" class=\"\" data-attachment-id=\"198\" data-orig-file=\"http:\/\/www.photo-somelet.fr\/blog\/wp-content\/uploads\/2012\/11\/MG_0398.jpg\" data-orig-size=\"399,266\" data-comments-opened=\"1\" data-image-meta=\"{&quot;aperture&quot;:&quot;3.2&quot;,&quot;credit&quot;:&quot;PATRICK SOMELET&quot;,&quot;camera&quot;:&quot;Canon EOS 5D Mark II&quot;,&quot;caption&quot;:&quot;Davos 2011 World Economic Forum, illustration&quot;,&quot;created_timestamp&quot;:&quot;1296061861&quot;,&quot;copyright&quot;:&quot;\\u00a9 photo-somelet.fr&quot;,&quot;focal_length&quot;:&quot;17&quot;,&quot;iso&quot;:&quot;3200&quot;,&quot;shutter_speed&quot;:&quot;0.04&quot;,&quot;title&quot;:&quot;WORLD ECONOMIC 2011&quot;,&quot;orientation&quot;:&quot;0&quot;}\" data-image-title=\"WORLD ECONOMIC 2011\" data-image-description=\"&lt;p&gt;Davos 2011 World Economic Forum, illustration&lt;\/p&gt; \" data-medium-file=\"https:\/\/i0.wp.com\/www.photo-somelet.fr\/blog\/wp-content\/uploads\/2012\/11\/MG_0398.jpg?fit=300%2C200\" data-large-file=\"https:\/\/i0.wp.com\/www.photo-somelet.fr\/blog\/wp-content\/uploads\/2012\/11\/MG_0398.jpg?fit=399%2C266\" src=\"https:\/\/i0.wp.com\/www.photo-somelet.fr\/blog\/wp-content\/uploads\/2012\/11\/MG_0398.jpg?w=459&#038;h=306\" srcset=\"https:\/\/i0.wp.com\/www.photo-somelet.fr\/blog\/wp-content\/uploads\/2012\/11\/MG_0398.jpg?w=399 399w, https:\/\/i0.wp.com\/www.photo-somelet.fr\/blog\/wp-content\/uploads\/2012\/11\/MG_0398.jpg?resize=300%2C200 300w, https:\/\/i0.wp.com\/www.photo-somelet.fr\/blog\/wp-content\/uploads\/2012\/11\/MG_0398.jpg?resize=90%2C60 90w\" width=\"459\" height=\"306\" loading=\"lazy\" data-original-width=\"459\" data-original-height=\"306\" itemprop=\"http:\/\/schema.org\/image\" title=\"WORLD ECONOMIC 2011\" alt=\"WORLD ECONOMIC 2011\" style=\"width: 459px; height: 306px;\" \/> <\/a> <\/div> <\/div> <!-- close group --> <\/div> <!-- close row --> <\/div>\n","protected":false},"excerpt":{"rendered":"<p>De retour de Davos, le plus gros du travail reste \u00e0 r\u00e9aliser, trier et corriger les 1700 photos de ce reportage. Ces images devront \u00eatre livr\u00e9s en d\u00e9but de semaine prochaine au si\u00e8ge du WEF de Gen\u00e8ve.<\/p>\n","protected":false},"author":1,"featured_media":0,"comment_status":"open","ping_status":"open","sticky":false,"template":"","format":"standard","meta":{"_jetpack_memberships_contains_paid_content":false,"footnotes":""},"categories":[72,9,30,158],"tags":[21,22,24,19,20],"class_list":["post-193","post","type-post","status-publish","format-standard","hentry","category-evenementiel-2","category-photo","category-reportage","category-world-economic-forum","tag-davos","tag-forum-economique-de-davos","tag-suisse","tag-wef","tag-world-economic-forum"],"jetpack_featured_media_url":"","jetpack-related-posts":[],"jetpack_shortlink":"https:\/\/wp.me\/pdsDyR-37","jetpack_sharing_enabled":true,"_links":{"self":[{"href":"http:\/\/www.photo-somelet.fr\/blog\/wp-json\/wp\/v2\/posts\/193"}],"collection":[{"href":"http:\/\/www.photo-somelet.fr\/blog\/wp-json\/wp\/v2\/posts"}],"about":[{"href":"http:\/\/www.photo-somelet.fr\/blog\/wp-json\/wp\/v2\/types\/post"}],"author":[{"embeddable":true,"href":"http:\/\/www.photo-somelet.fr\/blog\/wp-json\/wp\/v2\/users\/1"}],"replies":[{"embeddable":true,"href":"http:\/\/www.photo-somelet.fr\/blog\/wp-json\/wp\/v2\/comments?post=193"}],"version-history":[{"count":13,"href":"http:\/\/www.photo-somelet.fr\/blog\/wp-json\/wp\/v2\/posts\/193\/revisions"}],"predecessor-version":[{"id":1755,"href":"http:\/\/www.photo-somelet.fr\/blog\/wp-json\/wp\/v2\/posts\/193\/revisions\/1755"}],"wp:attachment":[{"href":"http:\/\/www.photo-somelet.fr\/blog\/wp-json\/wp\/v2\/media?parent=193"}],"wp:term":[{"taxonomy":"category","embeddable":true,"href":"http:\/\/www.photo-somelet.fr\/blog\/wp-json\/wp\/v2\/categories?post=193"},{"taxonomy":"post_tag","embeddable":true,"href":"http:\/\/www.photo-somelet.fr\/blog\/wp-json\/wp\/v2\/tags?post=193"}],"curies":[{"name":"wp","href":"https:\/\/api.w.org\/{rel}","templated":true}]}}