{"id":1950,"date":"2016-10-08T11:38:50","date_gmt":"2016-10-08T10:38:50","guid":{"rendered":"http:\/\/www.photo-somelet.fr\/blog\/?p=1950"},"modified":"2017-01-08T13:21:07","modified_gmt":"2017-01-08T12:21:07","slug":"reportage-evenementiel-pour-allthings-events-geneve","status":"publish","type":"post","link":"http:\/\/www.photo-somelet.fr\/blog\/reportage-evenementiel-pour-allthings-events-geneve\/","title":{"rendered":"Reportage \u00e9v\u00e9nementiel pour Allthing&rsquo;s Events Gen\u00e8ve."},"content":{"rendered":"<blockquote><p>Reportage \u00e9v\u00e9nementiel r\u00e9alis\u00e9 \u00e0 l&rsquo;H\u00f4tel Kempinski de Gen\u00e8ve pour l&rsquo;organisateur d&rsquo;\u00e9v\u00e8nementiel \u00a0<a href=\"https:\/\/www.facebook.com\/allthings.geneva\/\">Allthing&rsquo;s Events Gen\u00e8ve<\/a>.<\/p><\/blockquote>\n<p><img data-recalc-dims=\"1\" loading=\"lazy\" decoding=\"async\" class=\"aligncenter size-full wp-image-1953\" src=\"https:\/\/i0.wp.com\/www.photo-somelet.fr\/blog\/wp-content\/uploads\/2016\/10\/MK3L2285.jpg?resize=900%2C600\" alt=\"Reportage \u00e9v\u00e9nementiel au Kempinski de Gen\u00e8ve.\" width=\"900\" height=\"600\" srcset=\"https:\/\/i0.wp.com\/www.photo-somelet.fr\/blog\/wp-content\/uploads\/2016\/10\/MK3L2285.jpg?w=900 900w, https:\/\/i0.wp.com\/www.photo-somelet.fr\/blog\/wp-content\/uploads\/2016\/10\/MK3L2285.jpg?resize=300%2C200 300w, https:\/\/i0.wp.com\/www.photo-somelet.fr\/blog\/wp-content\/uploads\/2016\/10\/MK3L2285.jpg?resize=640%2C427 640w, https:\/\/i0.wp.com\/www.photo-somelet.fr\/blog\/wp-content\/uploads\/2016\/10\/MK3L2285.jpg?resize=768%2C512 768w, https:\/\/i0.wp.com\/www.photo-somelet.fr\/blog\/wp-content\/uploads\/2016\/10\/MK3L2285.jpg?resize=90%2C60 90w\" sizes=\"(max-width: 900px) 100vw, 900px\" \/><\/p>\n<p><!--more--><\/p>\n<figure id=\"attachment_1954\" aria-describedby=\"caption-attachment-1954\" style=\"width: 900px\" class=\"wp-caption aligncenter\"><img data-recalc-dims=\"1\" loading=\"lazy\" decoding=\"async\" class=\"wp-image-1954 size-full\" src=\"https:\/\/i0.wp.com\/www.photo-somelet.fr\/blog\/wp-content\/uploads\/2016\/10\/MK3L2372.jpg?resize=900%2C600\" alt=\"Reportage \u00e9v\u00e9nementiel au Kempinski de Gen\u00e8ve.\" width=\"900\" height=\"600\" srcset=\"https:\/\/i0.wp.com\/www.photo-somelet.fr\/blog\/wp-content\/uploads\/2016\/10\/MK3L2372.jpg?w=900 900w, https:\/\/i0.wp.com\/www.photo-somelet.fr\/blog\/wp-content\/uploads\/2016\/10\/MK3L2372.jpg?resize=300%2C200 300w, https:\/\/i0.wp.com\/www.photo-somelet.fr\/blog\/wp-content\/uploads\/2016\/10\/MK3L2372.jpg?resize=640%2C427 640w, https:\/\/i0.wp.com\/www.photo-somelet.fr\/blog\/wp-content\/uploads\/2016\/10\/MK3L2372.jpg?resize=768%2C512 768w, https:\/\/i0.wp.com\/www.photo-somelet.fr\/blog\/wp-content\/uploads\/2016\/10\/MK3L2372.jpg?resize=90%2C60 90w\" sizes=\"(max-width: 900px) 100vw, 900px\" \/><figcaption id=\"caption-attachment-1954\" class=\"wp-caption-text\">Reportage \u00e9v\u00e9nementiel au Kempinski de Gen\u00e8ve pour Allthing&rsquo;s Events.<\/figcaption><\/figure>\n<figure id=\"attachment_1955\" aria-describedby=\"caption-attachment-1955\" style=\"width: 600px\" class=\"wp-caption aligncenter\"><img data-recalc-dims=\"1\" loading=\"lazy\" decoding=\"async\" class=\"wp-image-1955 size-full\" src=\"https:\/\/i0.wp.com\/www.photo-somelet.fr\/blog\/wp-content\/uploads\/2016\/10\/MK3L2512.jpg?resize=600%2C900\" alt=\"Reportage \u00e9v\u00e9nementiel au Kempinski de Gen\u00e8ve.\" width=\"600\" height=\"900\" srcset=\"https:\/\/i0.wp.com\/www.photo-somelet.fr\/blog\/wp-content\/uploads\/2016\/10\/MK3L2512.jpg?w=600 600w, https:\/\/i0.wp.com\/www.photo-somelet.fr\/blog\/wp-content\/uploads\/2016\/10\/MK3L2512.jpg?resize=200%2C300 200w, https:\/\/i0.wp.com\/www.photo-somelet.fr\/blog\/wp-content\/uploads\/2016\/10\/MK3L2512.jpg?resize=427%2C640 427w, https:\/\/i0.wp.com\/www.photo-somelet.fr\/blog\/wp-content\/uploads\/2016\/10\/MK3L2512.jpg?resize=40%2C60 40w\" sizes=\"(max-width: 600px) 100vw, 600px\" \/><figcaption id=\"caption-attachment-1955\" class=\"wp-caption-text\">Reportage \u00e9v\u00e9nementiel au Kempinski de Gen\u00e8ve pour Allthing&rsquo;s Events.<\/figcaption><\/figure>\n<figure id=\"attachment_1956\" aria-describedby=\"caption-attachment-1956\" style=\"width: 600px\" class=\"wp-caption aligncenter\"><img data-recalc-dims=\"1\" loading=\"lazy\" decoding=\"async\" class=\"wp-image-1956 size-full\" src=\"https:\/\/i0.wp.com\/www.photo-somelet.fr\/blog\/wp-content\/uploads\/2016\/10\/MK3L2571.jpg?resize=600%2C900\" alt=\"Reportage \u00e9v\u00e9nementiel au Kempinski de Gen\u00e8ve.\" width=\"600\" height=\"900\" srcset=\"https:\/\/i0.wp.com\/www.photo-somelet.fr\/blog\/wp-content\/uploads\/2016\/10\/MK3L2571.jpg?w=600 600w, https:\/\/i0.wp.com\/www.photo-somelet.fr\/blog\/wp-content\/uploads\/2016\/10\/MK3L2571.jpg?resize=200%2C300 200w, https:\/\/i0.wp.com\/www.photo-somelet.fr\/blog\/wp-content\/uploads\/2016\/10\/MK3L2571.jpg?resize=427%2C640 427w, https:\/\/i0.wp.com\/www.photo-somelet.fr\/blog\/wp-content\/uploads\/2016\/10\/MK3L2571.jpg?resize=40%2C60 40w\" sizes=\"(max-width: 600px) 100vw, 600px\" \/><figcaption id=\"caption-attachment-1956\" class=\"wp-caption-text\">Reportage \u00e9v\u00e9nementiel au Kempinski de Gen\u00e8ve pour Allthing&rsquo;s Events.<\/figcaption><\/figure>\n<figure id=\"attachment_1957\" aria-describedby=\"caption-attachment-1957\" style=\"width: 600px\" class=\"wp-caption aligncenter\"><img data-recalc-dims=\"1\" loading=\"lazy\" decoding=\"async\" class=\"wp-image-1957 size-full\" src=\"https:\/\/i0.wp.com\/www.photo-somelet.fr\/blog\/wp-content\/uploads\/2016\/10\/MK3L2576.jpg?resize=600%2C900\" alt=\"Reportage \u00e9v\u00e9nementiel au Kempinski de Gen\u00e8ve.\" width=\"600\" height=\"900\" srcset=\"https:\/\/i0.wp.com\/www.photo-somelet.fr\/blog\/wp-content\/uploads\/2016\/10\/MK3L2576.jpg?w=600 600w, https:\/\/i0.wp.com\/www.photo-somelet.fr\/blog\/wp-content\/uploads\/2016\/10\/MK3L2576.jpg?resize=200%2C300 200w, https:\/\/i0.wp.com\/www.photo-somelet.fr\/blog\/wp-content\/uploads\/2016\/10\/MK3L2576.jpg?resize=427%2C640 427w, https:\/\/i0.wp.com\/www.photo-somelet.fr\/blog\/wp-content\/uploads\/2016\/10\/MK3L2576.jpg?resize=40%2C60 40w\" sizes=\"(max-width: 600px) 100vw, 600px\" \/><figcaption id=\"caption-attachment-1957\" class=\"wp-caption-text\">Reportage \u00e9v\u00e9nementiel au Kempinski de Gen\u00e8ve pour Allthing&rsquo;s Events.<\/figcaption><\/figure>\n","protected":false},"excerpt":{"rendered":"<p>Reportage \u00e9v\u00e9nementiel r\u00e9alis\u00e9 \u00e0 l&rsquo;H\u00f4tel Kempinski de Gen\u00e8ve pour l&rsquo;organisateur d&rsquo;\u00e9v\u00e8nementiel \u00a0Allthing&rsquo;s Events Gen\u00e8ve.<\/p>\n","protected":false},"author":1,"featured_media":1952,"comment_status":"open","ping_status":"open","sticky":false,"template":"","format":"standard","meta":{"_jetpack_memberships_contains_paid_content":false,"footnotes":""},"categories":[95,72,65,8,9,115,131,30,81],"tags":[55,136,159,11,45,12,46,149,10,24],"class_list":["post-1950","post","type-post","status-publish","format-standard","has-post-thumbnail","hentry","category-corporate","category-evenementiel-2","category-illusration","category-news","category-photo","category-photo-darchitecture","category-photo-dinterieur","category-reportage","category-salle-mariage","tag-evenementiel","tag-geneve","tag-hotel-kempinski","tag-illustration","tag-lac-leman","tag-patrick-somelet","tag-photographe","tag-publicite","tag-reportage-photo","tag-suisse"],"jetpack_featured_media_url":"https:\/\/i0.wp.com\/www.photo-somelet.fr\/blog\/wp-content\/uploads\/2016\/10\/MK3L2280.jpg?fit=900%2C600","jetpack-related-posts":[],"jetpack_shortlink":"https:\/\/wp.me\/pdsDyR-vs","jetpack_sharing_enabled":true,"_links":{"self":[{"href":"http:\/\/www.photo-somelet.fr\/blog\/wp-json\/wp\/v2\/posts\/1950"}],"collection":[{"href":"http:\/\/www.photo-somelet.fr\/blog\/wp-json\/wp\/v2\/posts"}],"about":[{"href":"http:\/\/www.photo-somelet.fr\/blog\/wp-json\/wp\/v2\/types\/post"}],"author":[{"embeddable":true,"href":"http:\/\/www.photo-somelet.fr\/blog\/wp-json\/wp\/v2\/users\/1"}],"replies":[{"embeddable":true,"href":"http:\/\/www.photo-somelet.fr\/blog\/wp-json\/wp\/v2\/comments?post=1950"}],"version-history":[{"count":9,"href":"http:\/\/www.photo-somelet.fr\/blog\/wp-json\/wp\/v2\/posts\/1950\/revisions"}],"predecessor-version":[{"id":1967,"href":"http:\/\/www.photo-somelet.fr\/blog\/wp-json\/wp\/v2\/posts\/1950\/revisions\/1967"}],"wp:featuredmedia":[{"embeddable":true,"href":"http:\/\/www.photo-somelet.fr\/blog\/wp-json\/wp\/v2\/media\/1952"}],"wp:attachment":[{"href":"http:\/\/www.photo-somelet.fr\/blog\/wp-json\/wp\/v2\/media?parent=1950"}],"wp:term":[{"taxonomy":"category","embeddable":true,"href":"http:\/\/www.photo-somelet.fr\/blog\/wp-json\/wp\/v2\/categories?post=1950"},{"taxonomy":"post_tag","embeddable":true,"href":"http:\/\/www.photo-somelet.fr\/blog\/wp-json\/wp\/v2\/tags?post=1950"}],"curies":[{"name":"wp","href":"https:\/\/api.w.org\/{rel}","templated":true}]}}