{"id":1968,"date":"2017-01-08T13:29:35","date_gmt":"2017-01-08T12:29:35","guid":{"rendered":"http:\/\/www.photo-somelet.fr\/blog\/?p=1968"},"modified":"2017-01-08T14:49:33","modified_gmt":"2017-01-08T13:49:33","slug":"photo-call-pour-allthings-events-au-kempinski-de-geneve","status":"publish","type":"post","link":"http:\/\/www.photo-somelet.fr\/blog\/photo-call-pour-allthings-events-au-kempinski-de-geneve\/","title":{"rendered":"Photo Call pour Allthing&rsquo;s Events au Kempinski de Gen\u00e8ve."},"content":{"rendered":"<blockquote><p>Le Photo Call \u00a0:<\/p><\/blockquote>\n<ul>\n<li>Un photographe avec un appareil photo connect\u00e9 \u00e0 un ordinateur.<\/li>\n<li>Un fond personnalis\u00e9 dans le th\u00e8me de l&rsquo;\u00e9v\u00e9nement.<\/li>\n<li>Un \u00e9clairage de studio.<\/li>\n<li>Sans assistant, toutes les photos s&rsquo;impriment directement<\/li>\n<li>Avec un assistant pour aider \u00e0 choisir sur un second \u00e9cran la meilleure photo \u00a0et imprimer un ou plusieurs tirages.<\/li>\n<li>Une imprimante photo pour donner\u00a0le clich\u00e9 choisi par les clients : les format disponibles sont 10 x 15 cm,\u00a013 x 18 cm,\u00a015 x 23 cm,\u00a020 x 30 cm.<\/li>\n<\/ul>\n<p>Le Photo Call peut-\u00eatre install\u00e9 pour photographier les invit\u00e9s \u00e0 l&rsquo;entr\u00e9e d&rsquo;un \u00e9v\u00e9nement ou lors de toute une soir\u00e9e.<\/p>\n<p><!--more--><\/p>\n<p>La gestion du cadrage par le photographe permet de g\u00e9rer\u00a0l&rsquo;arri\u00e8re-plan imprim\u00e9 sur la b\u00e2che de fond pour ainsi toujours avoir le message publicitaire \u00e0 d\u00e9livrer, quel que soit le nombre de personnes sur les photos.<\/p>\n<p>&nbsp;<\/p>\n<p><img data-recalc-dims=\"1\" loading=\"lazy\" decoding=\"async\" class=\"aligncenter size-full wp-image-1973\" src=\"https:\/\/i0.wp.com\/www.photo-somelet.fr\/blog\/wp-content\/uploads\/2017\/01\/Montage-Photo-Call.jpg?resize=900%2C600\" alt=\"\" width=\"900\" height=\"600\" srcset=\"https:\/\/i0.wp.com\/www.photo-somelet.fr\/blog\/wp-content\/uploads\/2017\/01\/Montage-Photo-Call.jpg?w=900 900w, https:\/\/i0.wp.com\/www.photo-somelet.fr\/blog\/wp-content\/uploads\/2017\/01\/Montage-Photo-Call.jpg?resize=300%2C200 300w, https:\/\/i0.wp.com\/www.photo-somelet.fr\/blog\/wp-content\/uploads\/2017\/01\/Montage-Photo-Call.jpg?resize=640%2C427 640w, https:\/\/i0.wp.com\/www.photo-somelet.fr\/blog\/wp-content\/uploads\/2017\/01\/Montage-Photo-Call.jpg?resize=768%2C512 768w, https:\/\/i0.wp.com\/www.photo-somelet.fr\/blog\/wp-content\/uploads\/2017\/01\/Montage-Photo-Call.jpg?resize=90%2C60 90w\" sizes=\"(max-width: 900px) 100vw, 900px\" \/> <img data-recalc-dims=\"1\" loading=\"lazy\" decoding=\"async\" class=\"aligncenter size-full wp-image-1972\" src=\"https:\/\/i0.wp.com\/www.photo-somelet.fr\/blog\/wp-content\/uploads\/2017\/01\/MK3L2772.jpg?resize=900%2C600\" alt=\"\" width=\"900\" height=\"600\" srcset=\"https:\/\/i0.wp.com\/www.photo-somelet.fr\/blog\/wp-content\/uploads\/2017\/01\/MK3L2772.jpg?w=900 900w, https:\/\/i0.wp.com\/www.photo-somelet.fr\/blog\/wp-content\/uploads\/2017\/01\/MK3L2772.jpg?resize=300%2C200 300w, https:\/\/i0.wp.com\/www.photo-somelet.fr\/blog\/wp-content\/uploads\/2017\/01\/MK3L2772.jpg?resize=640%2C427 640w, https:\/\/i0.wp.com\/www.photo-somelet.fr\/blog\/wp-content\/uploads\/2017\/01\/MK3L2772.jpg?resize=768%2C512 768w, https:\/\/i0.wp.com\/www.photo-somelet.fr\/blog\/wp-content\/uploads\/2017\/01\/MK3L2772.jpg?resize=90%2C60 90w\" sizes=\"(max-width: 900px) 100vw, 900px\" \/> <img data-recalc-dims=\"1\" loading=\"lazy\" decoding=\"async\" class=\"aligncenter size-full wp-image-1971\" src=\"https:\/\/i0.wp.com\/www.photo-somelet.fr\/blog\/wp-content\/uploads\/2017\/01\/EmptyName-59.jpg?resize=900%2C600\" alt=\"\" width=\"900\" height=\"600\" srcset=\"https:\/\/i0.wp.com\/www.photo-somelet.fr\/blog\/wp-content\/uploads\/2017\/01\/EmptyName-59.jpg?w=900 900w, https:\/\/i0.wp.com\/www.photo-somelet.fr\/blog\/wp-content\/uploads\/2017\/01\/EmptyName-59.jpg?resize=300%2C200 300w, https:\/\/i0.wp.com\/www.photo-somelet.fr\/blog\/wp-content\/uploads\/2017\/01\/EmptyName-59.jpg?resize=640%2C427 640w, https:\/\/i0.wp.com\/www.photo-somelet.fr\/blog\/wp-content\/uploads\/2017\/01\/EmptyName-59.jpg?resize=768%2C512 768w, https:\/\/i0.wp.com\/www.photo-somelet.fr\/blog\/wp-content\/uploads\/2017\/01\/EmptyName-59.jpg?resize=90%2C60 90w\" sizes=\"(max-width: 900px) 100vw, 900px\" \/><\/p>\n<p>&nbsp;<\/p>\n","protected":false},"excerpt":{"rendered":"<p>Le Photo Call \u00a0: Un photographe avec un appareil photo connect\u00e9 \u00e0 un ordinateur. Un fond personnalis\u00e9 dans le th\u00e8me de l&rsquo;\u00e9v\u00e9nement. Un \u00e9clairage de studio. Sans assistant, toutes les photos s&rsquo;impriment directement Avec un assistant pour aider \u00e0 choisir sur un second \u00e9cran la meilleure photo \u00a0et imprimer un ou plusieurs tirages. Une imprimante &hellip; <\/p>\n","protected":false},"author":1,"featured_media":1973,"comment_status":"open","ping_status":"open","sticky":false,"template":"","format":"standard","meta":{"_jetpack_memberships_contains_paid_content":false,"footnotes":""},"categories":[95,72,9,160,48,101],"tags":[55,136,159,12,46,10,24],"class_list":["post-1968","post","type-post","status-publish","format-standard","has-post-thumbnail","hentry","category-corporate","category-evenementiel-2","category-photo","category-photo-call","category-portrait","category-promotion","tag-evenementiel","tag-geneve","tag-hotel-kempinski","tag-patrick-somelet","tag-photographe","tag-reportage-photo","tag-suisse"],"jetpack_featured_media_url":"https:\/\/i0.wp.com\/www.photo-somelet.fr\/blog\/wp-content\/uploads\/2017\/01\/Montage-Photo-Call.jpg?fit=900%2C600","jetpack-related-posts":[],"jetpack_shortlink":"https:\/\/wp.me\/pdsDyR-vK","jetpack_sharing_enabled":true,"_links":{"self":[{"href":"http:\/\/www.photo-somelet.fr\/blog\/wp-json\/wp\/v2\/posts\/1968"}],"collection":[{"href":"http:\/\/www.photo-somelet.fr\/blog\/wp-json\/wp\/v2\/posts"}],"about":[{"href":"http:\/\/www.photo-somelet.fr\/blog\/wp-json\/wp\/v2\/types\/post"}],"author":[{"embeddable":true,"href":"http:\/\/www.photo-somelet.fr\/blog\/wp-json\/wp\/v2\/users\/1"}],"replies":[{"embeddable":true,"href":"http:\/\/www.photo-somelet.fr\/blog\/wp-json\/wp\/v2\/comments?post=1968"}],"version-history":[{"count":6,"href":"http:\/\/www.photo-somelet.fr\/blog\/wp-json\/wp\/v2\/posts\/1968\/revisions"}],"predecessor-version":[{"id":1977,"href":"http:\/\/www.photo-somelet.fr\/blog\/wp-json\/wp\/v2\/posts\/1968\/revisions\/1977"}],"wp:featuredmedia":[{"embeddable":true,"href":"http:\/\/www.photo-somelet.fr\/blog\/wp-json\/wp\/v2\/media\/1973"}],"wp:attachment":[{"href":"http:\/\/www.photo-somelet.fr\/blog\/wp-json\/wp\/v2\/media?parent=1968"}],"wp:term":[{"taxonomy":"category","embeddable":true,"href":"http:\/\/www.photo-somelet.fr\/blog\/wp-json\/wp\/v2\/categories?post=1968"},{"taxonomy":"post_tag","embeddable":true,"href":"http:\/\/www.photo-somelet.fr\/blog\/wp-json\/wp\/v2\/tags?post=1968"}],"curies":[{"name":"wp","href":"https:\/\/api.w.org\/{rel}","templated":true}]}}