{"id":1978,"date":"2017-01-08T15:08:47","date_gmt":"2017-01-08T14:08:47","guid":{"rendered":"http:\/\/www.photo-somelet.fr\/blog\/?p=1978"},"modified":"2017-01-08T15:08:47","modified_gmt":"2017-01-08T14:08:47","slug":"photo-booth-une-soiree-de-fin-dannee-dentreprise","status":"publish","type":"post","link":"http:\/\/www.photo-somelet.fr\/blog\/photo-booth-une-soiree-de-fin-dannee-dentreprise\/","title":{"rendered":"Photo Booth une soir\u00e9e de fin d&rsquo;ann\u00e9e d&rsquo;entreprise."},"content":{"rendered":"<p>Une grosse soir\u00e9e d&rsquo;entreprise et une affluence record pour ce PhotoBooth de\u00a0fin d&rsquo;ann\u00e9e.<\/p>\n<p><!--more--><\/p>\n<p>Pendant 8 heures les employ\u00e9s se sont succ\u00e9d\u00e9 dans l&rsquo;intimit\u00e9 de la cabine du Photo Booth premium.<\/p>\n<p><img data-recalc-dims=\"1\" loading=\"lazy\" decoding=\"async\" class=\"aligncenter size-full wp-image-1981\" src=\"https:\/\/i0.wp.com\/www.photo-somelet.fr\/blog\/wp-content\/uploads\/2017\/01\/SOITEC.jpg?resize=592%2C900\" alt=\"\" width=\"592\" height=\"900\" srcset=\"https:\/\/i0.wp.com\/www.photo-somelet.fr\/blog\/wp-content\/uploads\/2017\/01\/SOITEC.jpg?w=592 592w, https:\/\/i0.wp.com\/www.photo-somelet.fr\/blog\/wp-content\/uploads\/2017\/01\/SOITEC.jpg?resize=197%2C300 197w, https:\/\/i0.wp.com\/www.photo-somelet.fr\/blog\/wp-content\/uploads\/2017\/01\/SOITEC.jpg?resize=421%2C640 421w, https:\/\/i0.wp.com\/www.photo-somelet.fr\/blog\/wp-content\/uploads\/2017\/01\/SOITEC.jpg?resize=39%2C60 39w\" sizes=\"(max-width: 592px) 100vw, 592px\" \/><\/p>\n<p>&nbsp;<\/p>\n","protected":false},"excerpt":{"rendered":"<p>Une grosse soir\u00e9e d&rsquo;entreprise et une affluence record pour ce PhotoBooth de\u00a0fin d&rsquo;ann\u00e9e.<\/p>\n","protected":false},"author":1,"featured_media":1980,"comment_status":"open","ping_status":"open","sticky":false,"template":"","format":"standard","meta":{"_jetpack_memberships_contains_paid_content":false,"footnotes":""},"categories":[95,72,9,161],"tags":[55,89,90,12,122,54],"class_list":["post-1978","post","type-post","status-publish","format-standard","has-post-thumbnail","hentry","category-corporate","category-evenementiel-2","category-photo","category-photobooth","tag-evenementiel","tag-grenoble","tag-isere","tag-patrick-somelet","tag-photo-booth","tag-rhone-alpes"],"jetpack_featured_media_url":"https:\/\/i0.wp.com\/www.photo-somelet.fr\/blog\/wp-content\/uploads\/2017\/01\/IMG_6076.jpg?fit=900%2C675","jetpack-related-posts":[],"jetpack_shortlink":"https:\/\/wp.me\/pdsDyR-vU","jetpack_sharing_enabled":true,"_links":{"self":[{"href":"http:\/\/www.photo-somelet.fr\/blog\/wp-json\/wp\/v2\/posts\/1978"}],"collection":[{"href":"http:\/\/www.photo-somelet.fr\/blog\/wp-json\/wp\/v2\/posts"}],"about":[{"href":"http:\/\/www.photo-somelet.fr\/blog\/wp-json\/wp\/v2\/types\/post"}],"author":[{"embeddable":true,"href":"http:\/\/www.photo-somelet.fr\/blog\/wp-json\/wp\/v2\/users\/1"}],"replies":[{"embeddable":true,"href":"http:\/\/www.photo-somelet.fr\/blog\/wp-json\/wp\/v2\/comments?post=1978"}],"version-history":[{"count":2,"href":"http:\/\/www.photo-somelet.fr\/blog\/wp-json\/wp\/v2\/posts\/1978\/revisions"}],"predecessor-version":[{"id":1982,"href":"http:\/\/www.photo-somelet.fr\/blog\/wp-json\/wp\/v2\/posts\/1978\/revisions\/1982"}],"wp:featuredmedia":[{"embeddable":true,"href":"http:\/\/www.photo-somelet.fr\/blog\/wp-json\/wp\/v2\/media\/1980"}],"wp:attachment":[{"href":"http:\/\/www.photo-somelet.fr\/blog\/wp-json\/wp\/v2\/media?parent=1978"}],"wp:term":[{"taxonomy":"category","embeddable":true,"href":"http:\/\/www.photo-somelet.fr\/blog\/wp-json\/wp\/v2\/categories?post=1978"},{"taxonomy":"post_tag","embeddable":true,"href":"http:\/\/www.photo-somelet.fr\/blog\/wp-json\/wp\/v2\/tags?post=1978"}],"curies":[{"name":"wp","href":"https:\/\/api.w.org\/{rel}","templated":true}]}}