{"id":1983,"date":"2017-01-08T15:22:32","date_gmt":"2017-01-08T14:22:32","guid":{"rendered":"http:\/\/www.photo-somelet.fr\/blog\/?p=1983"},"modified":"2024-07-17T15:55:25","modified_gmt":"2024-07-17T14:55:25","slug":"photo-booth-pour-le-pere-noel","status":"publish","type":"post","link":"http:\/\/www.photo-somelet.fr\/blog\/photo-booth-pour-le-pere-noel\/","title":{"rendered":"Photo Booth pour le p\u00e8re No\u00ebl"},"content":{"rendered":"<p>Le p\u00e8re No\u00ebl \u00e9tait vraiment content de poser avec les enfants du CE de la Societ\u00e9 G\u00e9n\u00e9rale de Savoie devant la borne de <a href=\"http:\/\/www.photo-somelet.fr\/photobooth\/borne-photo-booth-basic\/\">Photobooth basic<\/a>.<\/p>\n<p>La photo est notre m\u00e9moire, faites appel \u00e0 un pro d\u2019exp\u00e9rience pour immortaliser vos \u00e9v\u00e9nements familiaux, mettre en avant par l\u2019image les moments magiques de votre vie. Le temps file \u00e0 toute vitesse, ne tarder pas a imortaliser ces instants.<\/p>\n<p><!--more--><\/p>\n<p><img data-recalc-dims=\"1\" loading=\"lazy\" decoding=\"async\" class=\"aligncenter size-full wp-image-1984\" src=\"https:\/\/i0.wp.com\/www.photo-somelet.fr\/blog\/wp-content\/uploads\/2017\/01\/SOCIETE-GENERALE.jpg?resize=600%2C900\" alt=\"\" width=\"600\" height=\"900\" srcset=\"https:\/\/i0.wp.com\/www.photo-somelet.fr\/blog\/wp-content\/uploads\/2017\/01\/SOCIETE-GENERALE.jpg?w=600 600w, https:\/\/i0.wp.com\/www.photo-somelet.fr\/blog\/wp-content\/uploads\/2017\/01\/SOCIETE-GENERALE.jpg?resize=200%2C300 200w, https:\/\/i0.wp.com\/www.photo-somelet.fr\/blog\/wp-content\/uploads\/2017\/01\/SOCIETE-GENERALE.jpg?resize=427%2C640 427w, https:\/\/i0.wp.com\/www.photo-somelet.fr\/blog\/wp-content\/uploads\/2017\/01\/SOCIETE-GENERALE.jpg?resize=40%2C60 40w\" sizes=\"(max-width: 600px) 100vw, 600px\" \/><\/p>\n","protected":false},"excerpt":{"rendered":"<p>Le p\u00e8re No\u00ebl \u00e9tait vraiment content de poser avec les enfants du CE de la Societ\u00e9 G\u00e9n\u00e9rale de Savoie devant la borne de Photobooth basic. La photo est notre m\u00e9moire, faites appel \u00e0 un pro d\u2019exp\u00e9rience pour immortaliser vos \u00e9v\u00e9nements familiaux, mettre en avant par l\u2019image les moments magiques de votre vie. Le temps file &hellip; <\/p>\n","protected":false},"author":1,"featured_media":1985,"comment_status":"open","ping_status":"open","sticky":false,"template":"","format":"standard","meta":{"_jetpack_memberships_contains_paid_content":false,"footnotes":""},"categories":[95,72,141,161],"tags":[55,16,12,54,162],"class_list":["post-1983","post","type-post","status-publish","format-standard","has-post-thumbnail","hentry","category-corporate","category-evenementiel-2","category-kiosque-photo-booth","category-photobooth","tag-evenementiel","tag-haute-savoie","tag-patrick-somelet","tag-rhone-alpes","tag-saint-jean-de-sixt"],"jetpack_featured_media_url":"https:\/\/i0.wp.com\/www.photo-somelet.fr\/blog\/wp-content\/uploads\/2017\/01\/IMG_6140.jpg?fit=675%2C900","jetpack-related-posts":[],"jetpack_shortlink":"https:\/\/wp.me\/pdsDyR-vZ","jetpack_sharing_enabled":true,"_links":{"self":[{"href":"http:\/\/www.photo-somelet.fr\/blog\/wp-json\/wp\/v2\/posts\/1983"}],"collection":[{"href":"http:\/\/www.photo-somelet.fr\/blog\/wp-json\/wp\/v2\/posts"}],"about":[{"href":"http:\/\/www.photo-somelet.fr\/blog\/wp-json\/wp\/v2\/types\/post"}],"author":[{"embeddable":true,"href":"http:\/\/www.photo-somelet.fr\/blog\/wp-json\/wp\/v2\/users\/1"}],"replies":[{"embeddable":true,"href":"http:\/\/www.photo-somelet.fr\/blog\/wp-json\/wp\/v2\/comments?post=1983"}],"version-history":[{"count":2,"href":"http:\/\/www.photo-somelet.fr\/blog\/wp-json\/wp\/v2\/posts\/1983\/revisions"}],"predecessor-version":[{"id":2730,"href":"http:\/\/www.photo-somelet.fr\/blog\/wp-json\/wp\/v2\/posts\/1983\/revisions\/2730"}],"wp:featuredmedia":[{"embeddable":true,"href":"http:\/\/www.photo-somelet.fr\/blog\/wp-json\/wp\/v2\/media\/1985"}],"wp:attachment":[{"href":"http:\/\/www.photo-somelet.fr\/blog\/wp-json\/wp\/v2\/media?parent=1983"}],"wp:term":[{"taxonomy":"category","embeddable":true,"href":"http:\/\/www.photo-somelet.fr\/blog\/wp-json\/wp\/v2\/categories?post=1983"},{"taxonomy":"post_tag","embeddable":true,"href":"http:\/\/www.photo-somelet.fr\/blog\/wp-json\/wp\/v2\/tags?post=1983"}],"curies":[{"name":"wp","href":"https:\/\/api.w.org\/{rel}","templated":true}]}}