{"id":1992,"date":"2018-01-29T11:09:46","date_gmt":"2018-01-29T10:09:46","guid":{"rendered":"http:\/\/www.photo-somelet.fr\/blog\/?p=1992"},"modified":"2018-01-29T11:12:02","modified_gmt":"2018-01-29T10:12:02","slug":"world-economic-forum-davos-2018","status":"publish","type":"post","link":"http:\/\/www.photo-somelet.fr\/blog\/world-economic-forum-davos-2018\/","title":{"rendered":"World Economic Forum Davos 2018"},"content":{"rendered":"<blockquote><p><strong><img data-recalc-dims=\"1\" loading=\"lazy\" decoding=\"async\" class=\"aligncenter size-full wp-image-1998\" src=\"https:\/\/i0.wp.com\/www.photo-somelet.fr\/blog\/wp-content\/uploads\/2018\/01\/IMG_8019.jpg?resize=925%2C514\" alt=\"\" width=\"925\" height=\"514\" srcset=\"https:\/\/i0.wp.com\/www.photo-somelet.fr\/blog\/wp-content\/uploads\/2018\/01\/IMG_8019.jpg?w=1079 1079w, https:\/\/i0.wp.com\/www.photo-somelet.fr\/blog\/wp-content\/uploads\/2018\/01\/IMG_8019.jpg?resize=300%2C167 300w, https:\/\/i0.wp.com\/www.photo-somelet.fr\/blog\/wp-content\/uploads\/2018\/01\/IMG_8019.jpg?resize=640%2C356 640w, https:\/\/i0.wp.com\/www.photo-somelet.fr\/blog\/wp-content\/uploads\/2018\/01\/IMG_8019.jpg?resize=768%2C427 768w, https:\/\/i0.wp.com\/www.photo-somelet.fr\/blog\/wp-content\/uploads\/2018\/01\/IMG_8019.jpg?resize=108%2C60 108w\" sizes=\"(max-width: 925px) 100vw, 925px\" \/><\/strong><\/p><\/blockquote>\n<blockquote><p><strong>10 ans d\u00e9j\u00e0&#8230;<\/strong><\/p><\/blockquote>\n<p>Cette ann\u00e9e c&rsquo;\u00e9tait ma dixi\u00e8me ann\u00e9e derri\u00e8re mon objectif \u00e0 couvrir les sessions de travail priv\u00e9es pour le WEF.<\/p>\n<p>Il y avait 7 chefs d&rsquo;\u00c9tat, un record, le plus marquant pour nous fran\u00e7ais \u00e9tait Mr\u00a0Emmanuel Macron, le premier ministre du Canada Mr Justin Trudeau, j&rsquo;ai crois\u00e9 le Mr\u00a0Andrzej Duda le pr\u00e9sident de Polonais et aussi Mr\u00a0Donald Trump. Madame\u00a0Christine Lagarde pr\u00e9sidente du FMI \u00e9tait comme tous les ans pr\u00e9sente.<\/p>\n<p>Mon pr\u00e9f\u00e9r\u00e9 \u00e9tait quand m\u00eame\u00a0Bertrand Piccard dont le dernier exploit a \u00e9t\u00e9 de faire le tour du monde \u00e0 bord de Solar Impulse, cela \u00e0 aussi \u00e9t\u00e9 le seul \u00e0 me remercier chaleureusement de l&rsquo;avoir photographi\u00e9 sous tous les angles \ud83d\ude42 J&rsquo;oubliais aussi notre fameux moine bouddhiste photographe, luis aussi pr\u00e9sent tous les ans puisqu\u2019\u00e0 Davos il y a aussi de la place pour l&rsquo;humanitaire et les ONG.<\/p>\n<p>Mais ce que j&rsquo;ai finalement trouv\u00e9 le plus marquant a \u00e9t\u00e9 la chute de neige la veille de notre arriv\u00e9e 1,75m en moins de 24h, voil\u00e0 de quoi totalement bloquer la ville de Davos et \u00e0 rendre l&rsquo;acc\u00e8s \u00e0 notre arriv\u00e9e cauchemardesque&#8230;<\/p>\n<p>&nbsp;<\/p>\n<blockquote><p><strong><img data-recalc-dims=\"1\" loading=\"lazy\" decoding=\"async\" class=\"aligncenter size-full wp-image-1996\" src=\"https:\/\/i0.wp.com\/www.photo-somelet.fr\/blog\/wp-content\/uploads\/2018\/01\/IMG_8011.jpg?resize=925%2C453\" alt=\"\" width=\"925\" height=\"453\" srcset=\"https:\/\/i0.wp.com\/www.photo-somelet.fr\/blog\/wp-content\/uploads\/2018\/01\/IMG_8011.jpg?w=1226 1226w, https:\/\/i0.wp.com\/www.photo-somelet.fr\/blog\/wp-content\/uploads\/2018\/01\/IMG_8011.jpg?resize=300%2C147 300w, https:\/\/i0.wp.com\/www.photo-somelet.fr\/blog\/wp-content\/uploads\/2018\/01\/IMG_8011.jpg?resize=640%2C313 640w, https:\/\/i0.wp.com\/www.photo-somelet.fr\/blog\/wp-content\/uploads\/2018\/01\/IMG_8011.jpg?resize=768%2C376 768w, https:\/\/i0.wp.com\/www.photo-somelet.fr\/blog\/wp-content\/uploads\/2018\/01\/IMG_8011.jpg?resize=123%2C60 123w\" sizes=\"(max-width: 925px) 100vw, 925px\" \/> <img data-recalc-dims=\"1\" loading=\"lazy\" decoding=\"async\" class=\"aligncenter size-full wp-image-1999\" src=\"https:\/\/i0.wp.com\/www.photo-somelet.fr\/blog\/wp-content\/uploads\/2018\/01\/IMG_8025.jpg?resize=800%2C600\" alt=\"\" width=\"800\" height=\"600\" srcset=\"https:\/\/i0.wp.com\/www.photo-somelet.fr\/blog\/wp-content\/uploads\/2018\/01\/IMG_8025.jpg?w=800 800w, https:\/\/i0.wp.com\/www.photo-somelet.fr\/blog\/wp-content\/uploads\/2018\/01\/IMG_8025.jpg?resize=300%2C225 300w, https:\/\/i0.wp.com\/www.photo-somelet.fr\/blog\/wp-content\/uploads\/2018\/01\/IMG_8025.jpg?resize=640%2C480 640w, https:\/\/i0.wp.com\/www.photo-somelet.fr\/blog\/wp-content\/uploads\/2018\/01\/IMG_8025.jpg?resize=768%2C576 768w, https:\/\/i0.wp.com\/www.photo-somelet.fr\/blog\/wp-content\/uploads\/2018\/01\/IMG_8025.jpg?resize=80%2C60 80w\" sizes=\"(max-width: 800px) 100vw, 800px\" \/><br \/>\n<\/strong><\/p><\/blockquote>\n","protected":false},"excerpt":{"rendered":"<p>10 ans d\u00e9j\u00e0&#8230; Cette ann\u00e9e c&rsquo;\u00e9tait ma dixi\u00e8me ann\u00e9e derri\u00e8re mon objectif \u00e0 couvrir les sessions de travail priv\u00e9es pour le WEF. Il y avait 7 chefs d&rsquo;\u00c9tat, un record, le plus marquant pour nous fran\u00e7ais \u00e9tait Mr\u00a0Emmanuel Macron, le premier ministre du Canada Mr Justin Trudeau, j&rsquo;ai crois\u00e9 le Mr\u00a0Andrzej Duda le pr\u00e9sident de &hellip; <\/p>\n","protected":false},"author":1,"featured_media":1997,"comment_status":"open","ping_status":"open","sticky":false,"template":"","format":"standard","meta":{"_jetpack_memberships_contains_paid_content":false,"footnotes":""},"categories":[95,72,158],"tags":[21,22,34,12,46,10,24,19,20],"class_list":["post-1992","post","type-post","status-publish","format-standard","has-post-thumbnail","hentry","category-corporate","category-evenementiel-2","category-world-economic-forum","tag-davos","tag-forum-economique-de-davos","tag-forum-economique-mondial-de-davos","tag-patrick-somelet","tag-photographe","tag-reportage-photo","tag-suisse","tag-wef","tag-world-economic-forum"],"jetpack_featured_media_url":"https:\/\/i0.wp.com\/www.photo-somelet.fr\/blog\/wp-content\/uploads\/2018\/01\/IMG_8017.jpg?fit=800%2C600","jetpack-related-posts":[],"jetpack_shortlink":"https:\/\/wp.me\/pdsDyR-w8","jetpack_sharing_enabled":true,"_links":{"self":[{"href":"http:\/\/www.photo-somelet.fr\/blog\/wp-json\/wp\/v2\/posts\/1992"}],"collection":[{"href":"http:\/\/www.photo-somelet.fr\/blog\/wp-json\/wp\/v2\/posts"}],"about":[{"href":"http:\/\/www.photo-somelet.fr\/blog\/wp-json\/wp\/v2\/types\/post"}],"author":[{"embeddable":true,"href":"http:\/\/www.photo-somelet.fr\/blog\/wp-json\/wp\/v2\/users\/1"}],"replies":[{"embeddable":true,"href":"http:\/\/www.photo-somelet.fr\/blog\/wp-json\/wp\/v2\/comments?post=1992"}],"version-history":[{"count":6,"href":"http:\/\/www.photo-somelet.fr\/blog\/wp-json\/wp\/v2\/posts\/1992\/revisions"}],"predecessor-version":[{"id":2003,"href":"http:\/\/www.photo-somelet.fr\/blog\/wp-json\/wp\/v2\/posts\/1992\/revisions\/2003"}],"wp:featuredmedia":[{"embeddable":true,"href":"http:\/\/www.photo-somelet.fr\/blog\/wp-json\/wp\/v2\/media\/1997"}],"wp:attachment":[{"href":"http:\/\/www.photo-somelet.fr\/blog\/wp-json\/wp\/v2\/media?parent=1992"}],"wp:term":[{"taxonomy":"category","embeddable":true,"href":"http:\/\/www.photo-somelet.fr\/blog\/wp-json\/wp\/v2\/categories?post=1992"},{"taxonomy":"post_tag","embeddable":true,"href":"http:\/\/www.photo-somelet.fr\/blog\/wp-json\/wp\/v2\/tags?post=1992"}],"curies":[{"name":"wp","href":"https:\/\/api.w.org\/{rel}","templated":true}]}}