{"id":2067,"date":"2021-10-20T20:40:56","date_gmt":"2021-10-20T19:40:56","guid":{"rendered":"http:\/\/www.photo-somelet.fr\/blog\/?p=2067"},"modified":"2024-07-17T16:16:57","modified_gmt":"2024-07-17T15:16:57","slug":"sam-le-pirate","status":"publish","type":"post","link":"http:\/\/www.photo-somelet.fr\/blog\/sam-le-pirate\/","title":{"rendered":"Sam le Pirate\u2026"},"content":{"rendered":"\n<p>La photo est notre m\u00e9moire, faites appel \u00e0 un pro d\u2019exp\u00e9rience pour immortaliser vos \u00e9v\u00e9nements familiaux, mettre en avant par l\u2019image les moments magiques de votre vie. Le temps file \u00e0 toute vitesse, ne tarder pas a immortaliser ces instants.<\/p>\n\n\n\n<div class=\"wp-block-jetpack-slideshow aligncenter\" data-effect=\"slide\"><div class=\"wp-block-jetpack-slideshow_container swiper-container\"><ul class=\"wp-block-jetpack-slideshow_swiper-wrapper swiper-wrapper\"><li class=\"wp-block-jetpack-slideshow_slide swiper-slide\"><figure><img data-recalc-dims=\"1\" loading=\"lazy\" decoding=\"async\" width=\"360\" height=\"640\" alt=\"\" class=\"wp-block-jetpack-slideshow_image wp-image-2068\" data-id=\"2068\" src=\"https:\/\/i0.wp.com\/www.photo-somelet.fr\/blog\/wp-content\/uploads\/2021\/10\/520F24CF-8F8C-4FFE-8F48-44F536CE99B3.jpeg?resize=360%2C640\" srcset=\"https:\/\/i0.wp.com\/www.photo-somelet.fr\/blog\/wp-content\/uploads\/2021\/10\/520F24CF-8F8C-4FFE-8F48-44F536CE99B3-scaled.jpeg?resize=360%2C640 360w, https:\/\/i0.wp.com\/www.photo-somelet.fr\/blog\/wp-content\/uploads\/2021\/10\/520F24CF-8F8C-4FFE-8F48-44F536CE99B3-scaled.jpeg?resize=169%2C300 169w, https:\/\/i0.wp.com\/www.photo-somelet.fr\/blog\/wp-content\/uploads\/2021\/10\/520F24CF-8F8C-4FFE-8F48-44F536CE99B3-scaled.jpeg?resize=768%2C1365 768w, https:\/\/i0.wp.com\/www.photo-somelet.fr\/blog\/wp-content\/uploads\/2021\/10\/520F24CF-8F8C-4FFE-8F48-44F536CE99B3-scaled.jpeg?resize=864%2C1536 864w, https:\/\/i0.wp.com\/www.photo-somelet.fr\/blog\/wp-content\/uploads\/2021\/10\/520F24CF-8F8C-4FFE-8F48-44F536CE99B3-scaled.jpeg?resize=1152%2C2048 1152w, https:\/\/i0.wp.com\/www.photo-somelet.fr\/blog\/wp-content\/uploads\/2021\/10\/520F24CF-8F8C-4FFE-8F48-44F536CE99B3-scaled.jpeg?resize=34%2C60 34w, https:\/\/i0.wp.com\/www.photo-somelet.fr\/blog\/wp-content\/uploads\/2021\/10\/520F24CF-8F8C-4FFE-8F48-44F536CE99B3-scaled.jpeg?w=1440 1440w\" sizes=\"(max-width: 360px) 100vw, 360px\" \/><\/figure><\/li><\/ul><a class=\"wp-block-jetpack-slideshow_button-prev swiper-button-prev swiper-button-white\" role=\"button\"><\/a><a class=\"wp-block-jetpack-slideshow_button-next swiper-button-next swiper-button-white\" role=\"button\"><\/a><a aria-label=\"Pause Slideshow\" class=\"wp-block-jetpack-slideshow_button-pause\" role=\"button\"><\/a><div class=\"wp-block-jetpack-slideshow_pagination swiper-pagination swiper-pagination-white\"><\/div><\/div><\/div>\n\n\n\n<p class=\"has-text-align-center\"><strong>Un pirate en voiture \u00e0 p\u00e9dales. <\/strong><\/p>\n","protected":false},"excerpt":{"rendered":"<p>La photo est notre m\u00e9moire, faites appel \u00e0 un pro d\u2019exp\u00e9rience pour immortaliser vos \u00e9v\u00e9nements familiaux, mettre en avant par l\u2019image les moments magiques de votre vie. Le temps file \u00e0 toute vitesse, ne tarder pas a immortaliser ces instants. Un pirate en voiture \u00e0 p\u00e9dales.<\/p>\n","protected":false},"author":1,"featured_media":2068,"comment_status":"open","ping_status":"open","sticky":false,"template":"","format":"standard","meta":{"_jetpack_memberships_contains_paid_content":false,"footnotes":""},"categories":[9],"tags":[11,12,10],"class_list":["post-2067","post","type-post","status-publish","format-standard","has-post-thumbnail","hentry","category-photo","tag-illustration","tag-patrick-somelet","tag-reportage-photo"],"jetpack_featured_media_url":"https:\/\/i0.wp.com\/www.photo-somelet.fr\/blog\/wp-content\/uploads\/2021\/10\/520F24CF-8F8C-4FFE-8F48-44F536CE99B3-scaled.jpeg?fit=1440%2C2560","jetpack-related-posts":[],"jetpack_shortlink":"https:\/\/wp.me\/pdsDyR-xl","jetpack_sharing_enabled":true,"_links":{"self":[{"href":"http:\/\/www.photo-somelet.fr\/blog\/wp-json\/wp\/v2\/posts\/2067"}],"collection":[{"href":"http:\/\/www.photo-somelet.fr\/blog\/wp-json\/wp\/v2\/posts"}],"about":[{"href":"http:\/\/www.photo-somelet.fr\/blog\/wp-json\/wp\/v2\/types\/post"}],"author":[{"embeddable":true,"href":"http:\/\/www.photo-somelet.fr\/blog\/wp-json\/wp\/v2\/users\/1"}],"replies":[{"embeddable":true,"href":"http:\/\/www.photo-somelet.fr\/blog\/wp-json\/wp\/v2\/comments?post=2067"}],"version-history":[{"count":4,"href":"http:\/\/www.photo-somelet.fr\/blog\/wp-json\/wp\/v2\/posts\/2067\/revisions"}],"predecessor-version":[{"id":2747,"href":"http:\/\/www.photo-somelet.fr\/blog\/wp-json\/wp\/v2\/posts\/2067\/revisions\/2747"}],"wp:featuredmedia":[{"embeddable":true,"href":"http:\/\/www.photo-somelet.fr\/blog\/wp-json\/wp\/v2\/media\/2068"}],"wp:attachment":[{"href":"http:\/\/www.photo-somelet.fr\/blog\/wp-json\/wp\/v2\/media?parent=2067"}],"wp:term":[{"taxonomy":"category","embeddable":true,"href":"http:\/\/www.photo-somelet.fr\/blog\/wp-json\/wp\/v2\/categories?post=2067"},{"taxonomy":"post_tag","embeddable":true,"href":"http:\/\/www.photo-somelet.fr\/blog\/wp-json\/wp\/v2\/tags?post=2067"}],"curies":[{"name":"wp","href":"https:\/\/api.w.org\/{rel}","templated":true}]}}