{"id":680,"date":"2012-11-30T09:59:53","date_gmt":"2012-11-30T08:59:53","guid":{"rendered":"http:\/\/www.photo-somelet.fr\/blog\/?p=680"},"modified":"2016-04-25T19:13:11","modified_gmt":"2016-04-25T18:13:11","slug":"world-economic-forum-de-davos-2013","status":"publish","type":"post","link":"http:\/\/www.photo-somelet.fr\/blog\/world-economic-forum-de-davos-2013\/","title":{"rendered":"WORLD ECONOMIC FORUM de DAVOS 2013 : reportage."},"content":{"rendered":"<p>Cinqui\u00e8me pr\u00e9sence, pour la dream team de Monday Morning qui a de nouveau \u00e9t\u00e9 choisi par le http:\/\/www.weforum.org\u00a0pour le suivit des cessions de travail priv\u00e9es.\u00a0Marc Forzi, Henri Granjean, Maxime Leyravaud, Mathieu Perdrix, Marc Rival\u00a0et moi m\u00eame seront \u00e0 Davos fin janvier en photographe accr\u00e9dit\u00e9s.<\/p>\n<p>&nbsp;<\/p>\n<figure id=\"attachment_681\" aria-describedby=\"caption-attachment-681\" style=\"width: 640px\" class=\"wp-caption aligncenter\"><a href=\"https:\/\/i0.wp.com\/www.photo-somelet.fr\/blog\/wp-content\/uploads\/2012\/11\/MG_6645.jpg\"><img data-recalc-dims=\"1\" loading=\"lazy\" decoding=\"async\" class=\"size-full wp-image-681\" title=\"WORLD ECONOMIC 2012\" src=\"https:\/\/i0.wp.com\/www.photo-somelet.fr\/blog\/wp-content\/uploads\/2012\/11\/MG_6645.jpg?resize=640%2C427\" alt=\"\" width=\"640\" height=\"427\" srcset=\"https:\/\/i0.wp.com\/www.photo-somelet.fr\/blog\/wp-content\/uploads\/2012\/11\/MG_6645.jpg?w=640 640w, https:\/\/i0.wp.com\/www.photo-somelet.fr\/blog\/wp-content\/uploads\/2012\/11\/MG_6645.jpg?resize=300%2C200 300w, https:\/\/i0.wp.com\/www.photo-somelet.fr\/blog\/wp-content\/uploads\/2012\/11\/MG_6645.jpg?resize=90%2C60 90w\" sizes=\"(max-width: 640px) 100vw, 640px\" \/><\/a><figcaption id=\"caption-attachment-681\" class=\"wp-caption-text\">Hall d&rsquo;entr\u00e9e au congress center.<\/p>\n<div class=\"mceTemp mceIEcenter\">\n<dl id=\"attachment_682\" class=\"wp-caption aligncenter\" style=\"width: 650px;\">\n<dt class=\"wp-caption-dt\"><a href=\"https:\/\/i0.wp.com\/www.photo-somelet.fr\/blog\/wp-content\/uploads\/2012\/11\/MG_8127.jpg\"><img data-recalc-dims=\"1\" loading=\"lazy\" decoding=\"async\" class=\"size-full wp-image-682\" title=\"WORLD ECONOMIC 2012\" src=\"https:\/\/i0.wp.com\/www.photo-somelet.fr\/blog\/wp-content\/uploads\/2012\/11\/MG_8127.jpg?resize=640%2C427\" alt=\"\" width=\"640\" height=\"427\" srcset=\"https:\/\/i0.wp.com\/www.photo-somelet.fr\/blog\/wp-content\/uploads\/2012\/11\/MG_8127.jpg?w=640 640w, https:\/\/i0.wp.com\/www.photo-somelet.fr\/blog\/wp-content\/uploads\/2012\/11\/MG_8127.jpg?resize=300%2C200 300w, https:\/\/i0.wp.com\/www.photo-somelet.fr\/blog\/wp-content\/uploads\/2012\/11\/MG_8127.jpg?resize=90%2C60 90w\" sizes=\"(max-width: 640px) 100vw, 640px\" \/><\/a><\/dt>\n<dd class=\"wp-caption-dd\">Un nouvel h\u00f4tel pour une cession d&rsquo;un groupe de travail pour le WEF de Davos.<\/figcaption><\/figure>\n<\/dd>\n<\/dl>\n<\/div>\n<p>&nbsp;<\/p>\n<p>&nbsp;<\/p>\n","protected":false},"excerpt":{"rendered":"<p>Cinqui\u00e8me pr\u00e9sence, pour la dream team de Monday Morning qui a de nouveau \u00e9t\u00e9 choisi par le http:\/\/www.weforum.org\u00a0pour le suivit des cessions de travail priv\u00e9es.\u00a0Marc Forzi, Henri Granjean, Maxime Leyravaud, Mathieu Perdrix, Marc Rival\u00a0et moi m\u00eame seront \u00e0 Davos fin janvier en photographe accr\u00e9dit\u00e9s. &nbsp; &nbsp; &nbsp;<\/p>\n","protected":false},"author":1,"featured_media":0,"comment_status":"open","ping_status":"open","sticky":false,"template":"","format":"standard","meta":{"_jetpack_memberships_contains_paid_content":false,"footnotes":""},"categories":[72,8,9,30,158],"tags":[21,55,22,34,12,149,10,24,19,20],"class_list":["post-680","post","type-post","status-publish","format-standard","hentry","category-evenementiel-2","category-news","category-photo","category-reportage","category-world-economic-forum","tag-davos","tag-evenementiel","tag-forum-economique-de-davos","tag-forum-economique-mondial-de-davos","tag-patrick-somelet","tag-publicite","tag-reportage-photo","tag-suisse","tag-wef","tag-world-economic-forum"],"jetpack_featured_media_url":"","jetpack-related-posts":[],"jetpack_shortlink":"https:\/\/wp.me\/pdsDyR-aY","jetpack_sharing_enabled":true,"_links":{"self":[{"href":"http:\/\/www.photo-somelet.fr\/blog\/wp-json\/wp\/v2\/posts\/680"}],"collection":[{"href":"http:\/\/www.photo-somelet.fr\/blog\/wp-json\/wp\/v2\/posts"}],"about":[{"href":"http:\/\/www.photo-somelet.fr\/blog\/wp-json\/wp\/v2\/types\/post"}],"author":[{"embeddable":true,"href":"http:\/\/www.photo-somelet.fr\/blog\/wp-json\/wp\/v2\/users\/1"}],"replies":[{"embeddable":true,"href":"http:\/\/www.photo-somelet.fr\/blog\/wp-json\/wp\/v2\/comments?post=680"}],"version-history":[{"count":6,"href":"http:\/\/www.photo-somelet.fr\/blog\/wp-json\/wp\/v2\/posts\/680\/revisions"}],"predecessor-version":[{"id":1910,"href":"http:\/\/www.photo-somelet.fr\/blog\/wp-json\/wp\/v2\/posts\/680\/revisions\/1910"}],"wp:attachment":[{"href":"http:\/\/www.photo-somelet.fr\/blog\/wp-json\/wp\/v2\/media?parent=680"}],"wp:term":[{"taxonomy":"category","embeddable":true,"href":"http:\/\/www.photo-somelet.fr\/blog\/wp-json\/wp\/v2\/categories?post=680"},{"taxonomy":"post_tag","embeddable":true,"href":"http:\/\/www.photo-somelet.fr\/blog\/wp-json\/wp\/v2\/tags?post=680"}],"curies":[{"name":"wp","href":"https:\/\/api.w.org\/{rel}","templated":true}]}}